{"id":858,"date":"2019-07-17T12:42:23","date_gmt":"2019-07-17T15:42:23","guid":{"rendered":"http:\/\/wargodspress.com.br\/wargods\/?p=858"},"modified":"2019-07-17T12:42:38","modified_gmt":"2019-07-17T15:42:38","slug":"slow-pioneiros-do-metal-gaucho-anunciam-retorno-as-atividades","status":"publish","type":"post","link":"https:\/\/wargodspress.com.br\/wargods\/slow-pioneiros-do-metal-gaucho-anunciam-retorno-as-atividades\/","title":{"rendered":"Slow: Pioneiros do Metal Ga\u00facho anunciam retorno \u00e0s atividades"},"content":{"rendered":"<p><img loading=\"lazy\" decoding=\"async\" class=\"aligncenter size-full wp-image-859\" src=\"http:\/\/wargodspress.com.br\/wargods\/wp-content\/uploads\/2019\/07\/Slow-Press.jpg\" alt=\"\" width=\"517\" height=\"329\" \/><\/p>\n<p>A banda ga\u00facha <strong>SLOW<\/strong> retorna \u00e0s atividades com o lan\u00e7amento do \u00e1lbum <em>\u201cL\u00e1grimas de \u00cdcaro\u201d<\/em>, lan\u00e7ado em junho de 2019 e apresentando regrava\u00e7\u00f5es dos cl\u00e1ssicos da banda e m\u00fasicas in\u00e9ditas. A forma\u00e7\u00e3o que deu vida ao CD contou com os integrantes originais Lauro Levandowski (guitarra\/baixo e vocal) e Marcelo Wolff (vocal) acompanhados de Daniel Fontoura (bateria e vocal). Sobre o retorno, Lauro comenta que <em>\u201cdurante esses trinta anos que se passaram, muitas pessoas comentaram sobre a banda e desde 2010 existe material raro daquela \u00e9poca no Soundcloud.\u00a0 Ap\u00f3s o lan\u00e7amento do livro T\u00e1 no Sangue &#8211; A Hist\u00f3ria do Rock Pesado Ga\u00facho, a vontade de trazer \u00e0 vida aquela sonoridade pesada e cl\u00e1ssica surgiu, e c\u00e1 estamos n\u00f3s, com \u201cL\u00e1grimas de \u00cdcaro\u201d!\u201d.<\/em><\/p>\n<p><em>\u00a0<\/em><strong><em>Ou\u00e7a no Spotify:<br \/>\n<\/em><\/strong><a href=\"https:\/\/open.spotify.com\/album\/6CPte8PM61xhlTmnYaapSC\"><em>https:\/\/open.spotify.com\/album\/6CPte8PM61xhlTmnYaapSC<\/em><\/a><em>\u00a0<\/em><\/p>\n<p><strong><em>Ou\u00e7a no Deezer:<br \/>\n<\/em><\/strong><a href=\"https:\/\/www.deezer.com\/album\/101839892\"><em>https:\/\/www.deezer.com\/album\/101839892<\/em><\/a><em>\u00a0<\/em><\/p>\n<p><strong><em>Ou\u00e7a no Youtube:<br \/>\n<\/em><\/strong><a href=\"https:\/\/music.youtube.com\/watch?v=wO1HaEpPxSc&amp;feature=share\"><em>https:\/\/music.youtube.com\/watch?v=wO1HaEpPxSc&amp;feature=share<\/em><\/a><\/p>\n<p>Inicialmente o plano era gravar 14 m\u00fasicas da banda, originais da d\u00e9cada de 80, por\u00e9m o vocalista original Marcelo entregou cinco m\u00fasicas e sugeriu um EP, enquanto\u00a0\u00a0Lauro incluiu e cantou m\u00fasicas novas e algumas antigas. Daniel cantou outras novas e o resultado final se tornou um registro que mescla\u00a0o passado e o presente da banda, onde todos os m\u00fasicos se revezam nos vocais.<\/p>\n<p>A banda <strong>SLOW<\/strong> surgiu na efervescente cena Rock\/Metal de Porto Alegre do in\u00edcio da d\u00e9cada de 1980, dividindo o palco com bandas como Astaroth, Pesadelo, Taranatiri\u00e7a, Asgard e in\u00fameras outras da cena ga\u00facha. Os primeiros shows foram em col\u00e9gios nos bairros Santana e Cidade Baixa. O som pesado cantado em portugu\u00eas mencionava o lado podre da humanidade nas letras. Ap\u00f3s formar um razo\u00e1vel p\u00fablico a banda decidiu produzir uma temporada no Teatro do IPE. A batalha com a censura foi \u00e1rdua e a burocracia envolvida tamb\u00e9m foi complicada. Na ocasi\u00e3o a banda fez contato com diversos m\u00fasicos locais e tornou-se cada vez mais influente e inclu\u00edda no cen\u00e1rio do Rock e Metal local. Alguns de seus grandes feitos foi uma abertura para o Taranatiri\u00e7a e participa\u00e7\u00e3o no primeiro festival de Heavy Metal ga\u00facho, realizado no Audit\u00f3rio Ara\u00fajo Vianna em dezembro de 1984. O Ara\u00fajo Vianna era o palco do movimento Rock na cidade, recebendo ao longo da d\u00e9cada de 1980 in\u00fameros shows de bandas ga\u00fachas, brasileiras e internacionais. A banda ainda tocou em bares populares na \u00e9poca como o Rocket 88 do Mutuca e nos primeiros festivais organizados pelos gr\u00eamios estudantis de col\u00e9gios como Anchieta, Instituto Porto Alegre (IPA), Santo Ant\u00f4nio, entre outros.<\/p>\n<p>No final de 1985 a banda mudou de estilo, buscando conquistar espa\u00e7o nas r\u00e1dios. Na \u00e9poca, a banda era composta por Lauro Levandowski (guitarra), Marcelo Wolff (vocal), Leandro Grando (baixo), Odir Goulart (bateria) e Alencar Heidrich (teclados em &#8217;84 e &#8217;85). Em meados de 1986, Lauro muda-se para S\u00e3o Paulo, enquanto Alencar forma sua pr\u00f3pria banda e os demais integrantes seguiram em atividade principalmente em encontros mensais no est\u00fadio Nazari no bairro Praia de Belas juntamente com Lauro, que retornava mensalmente para os ensaios. Em 1988 Leandro sa\u00eda da banda e Marko assumia o baixo, adotando assim um novo nome: <strong>THOMAS BUTTERFLY<\/strong>. Interessante notar que tr\u00eas dos quatro membros originais da <strong>SLOW<\/strong> permaneceram nessa primeira forma\u00e7\u00e3o da <strong>THOMAS BUTTERFLY<\/strong> que seguiu assim at\u00e9 final de 1989 quando o baterista Odir sai da banda, encerrando-se um ciclo e dando in\u00edcio \u00e0 outro.<\/p>\n<p>A <strong>THOMAS BUTTERFLY,<\/strong> que seguiu at\u00e9 1990 com Lauro e Marcelo (originais da <strong>SLOW<\/strong>) acompanhados de Marko e Daniel Fontoura (que entrou em 89), iniciou sua hist\u00f3ria com \u00f3timas grava\u00e7\u00f5es e \u00f3timos shows, mas na loucura dessa energia acabou se dissolvendo em 1991 quando Lauro, Daniel e Asdrubal iniciaram o trio que seguiu at\u00e9 1994. Lauro e Marcelo retomaram a parceria na d\u00e9cada de 2000 juntamente com Romano Duarte e gravaram quatro CDs e fizeram alguns shows, encerrando as atividades em 2006. Em 2014, um novo retorno da <strong>THOMAS BUTTERFLY:<\/strong> Daniel convoca Lauro e Marcelo e inicia-se um novo ciclo de quatro CDs e muita divulga\u00e7\u00e3o pelas redes sociais, m\u00eddia e r\u00e1dios online que segue at\u00e9 hoje.<\/p>\n<p>Com o lan\u00e7amento de <em>\u201cL\u00e1grimas de \u00cdcaro\u201d<\/em>, a <strong>SLOW <\/strong>busca se reconectar com o passado e almeja um futuro, concentrando suas atividades em paralelo com a <strong>THOMAS BUTTERFLY, <\/strong>que segue uma linha mais Progressiva. Lauro Levandowski finaliza: <em>\u201cSlow e Thomas Butterfly possuem o mesmo DNA, mas com o tempo as influ\u00eancias foram se moldando, ent\u00e3o se com a Slow temos um som mais pesado e direto, com a Thomas podemos inserir elementos mais viajantes e progressivos, mas sem abrir m\u00e3o do peso. Nestes mais de tr\u00eas d\u00e9cadas de m\u00fasica tudo o que queremos \u00e9 ter liberdade musical e poder mostrar ao p\u00fablico um som de qualidade e que faz jus \u00e0 nossa hist\u00f3ria. Em breve anunciaremos o primeiro show deste retorno e mesclaremos o novo e o antigo para celebrar o lan\u00e7amento de \u201cL\u00e1grimas de \u00cdcaro\u201d!\u201d. <\/em><\/p>\n<p><strong>Contatos:<br \/>\n<\/strong><strong>Facebook: <\/strong><a href=\"http:\/\/www.facebook.com\/SlowBandBrazil\">www.facebook.com\/SlowBandBrazil<\/a><br \/>\n<strong>Soundcloud: <\/strong><a href=\"http:\/\/www.soundcloud.com\/slow-band-brazil\">www.soundcloud.com\/slow-band-brazil<\/a><br \/>\n<strong>Assessoria de Imprensa: <\/strong><a href=\"http:\/\/www.wargodspress.com.br\">www.wargodspress.com.br<\/a><\/p>\n<p><img loading=\"lazy\" decoding=\"async\" class=\"aligncenter size-full wp-image-860\" src=\"http:\/\/wargodspress.com.br\/wargods\/wp-content\/uploads\/2019\/07\/Slow-Capa.jpg\" alt=\"\" width=\"593\" height=\"565\" \/><\/p>\n","protected":false},"excerpt":{"rendered":"<p>A banda ga\u00facha SLOW retorna \u00e0s atividades com o lan\u00e7amento do \u00e1lbum \u201cL\u00e1grimas de \u00cdcaro\u201d, lan\u00e7ado em junho de 2019<\/p>\n","protected":false},"author":1,"featured_media":859,"comment_status":"open","ping_status":"open","sticky":false,"template":"","format":"standard","meta":{"footnotes":""},"categories":[3],"tags":[125,22],"class_list":["post-858","post","type-post","status-publish","format-standard","has-post-thumbnail","hentry","category-news","tag-slow","tag-wargods-press"],"yoast_head":"<!-- This site is optimized with the Yoast SEO plugin v19.7.1 - https:\/\/yoast.com\/wordpress\/plugins\/seo\/ -->\n<title>Slow: Pioneiros do Metal Ga\u00facho anunciam retorno \u00e0s atividades - WARGODS PRESS - 2006 - 2026<\/title>\n<meta name=\"robots\" content=\"index, follow, max-snippet:-1, max-image-preview:large, max-video-preview:-1\" \/>\n<link rel=\"canonical\" href=\"http:\/\/wargodspress.com.br\/wargods\/slow-pioneiros-do-metal-gaucho-anunciam-retorno-as-atividades\/\" \/>\n<meta property=\"og:locale\" content=\"pt_BR\" \/>\n<meta property=\"og:type\" content=\"article\" \/>\n<meta property=\"og:title\" content=\"Slow: Pioneiros do Metal Ga\u00facho anunciam retorno \u00e0s atividades - WARGODS PRESS - 2006 - 2026\" \/>\n<meta property=\"og:description\" content=\"A banda ga\u00facha SLOW retorna \u00e0s atividades com o lan\u00e7amento do \u00e1lbum \u201cL\u00e1grimas de \u00cdcaro\u201d, lan\u00e7ado em junho de 2019\" \/>\n<meta property=\"og:url\" content=\"http:\/\/wargodspress.com.br\/wargods\/slow-pioneiros-do-metal-gaucho-anunciam-retorno-as-atividades\/\" \/>\n<meta property=\"og:site_name\" content=\"WARGODS PRESS - 2006 - 2026\" \/>\n<meta property=\"article:publisher\" content=\"https:\/\/www.facebook.com\/wargodspress\" \/>\n<meta property=\"article:published_time\" content=\"2019-07-17T15:42:23+00:00\" \/>\n<meta property=\"article:modified_time\" content=\"2019-07-17T15:42:38+00:00\" \/>\n<meta property=\"og:image\" content=\"http:\/\/wargodspress.com.br\/wargods\/wp-content\/uploads\/2019\/07\/Slow-Press.jpg\" \/>\n\t<meta property=\"og:image:width\" content=\"517\" \/>\n\t<meta property=\"og:image:height\" content=\"329\" \/>\n\t<meta property=\"og:image:type\" content=\"image\/jpeg\" \/>\n<meta name=\"author\" content=\"WarGodsPress\" \/>\n<meta name=\"twitter:card\" content=\"summary_large_image\" \/>\n<meta name=\"twitter:creator\" content=\"@wargodspress\" \/>\n<meta name=\"twitter:site\" content=\"@wargodspress\" \/>\n<meta name=\"twitter:label1\" content=\"Escrito por\" \/>\n\t<meta name=\"twitter:data1\" content=\"WarGodsPress\" \/>\n\t<meta name=\"twitter:label2\" content=\"Est. tempo de leitura\" \/>\n\t<meta name=\"twitter:data2\" content=\"4 minutos\" \/>\n<script type=\"application\/ld+json\" class=\"yoast-schema-graph\">{\"@context\":\"https:\/\/schema.org\",\"@graph\":[{\"@type\":\"Article\",\"@id\":\"http:\/\/wargodspress.com.br\/wargods\/slow-pioneiros-do-metal-gaucho-anunciam-retorno-as-atividades\/#article\",\"isPartOf\":{\"@id\":\"http:\/\/wargodspress.com.br\/wargods\/slow-pioneiros-do-metal-gaucho-anunciam-retorno-as-atividades\/\"},\"author\":{\"name\":\"WarGodsPress\",\"@id\":\"http:\/\/wargodspress.com.br\/wargods\/#\/schema\/person\/57390b6095ac3486713a1a3b1421fad2\"},\"headline\":\"Slow: Pioneiros do Metal Ga\u00facho anunciam retorno \u00e0s atividades\",\"datePublished\":\"2019-07-17T15:42:23+00:00\",\"dateModified\":\"2019-07-17T15:42:38+00:00\",\"mainEntityOfPage\":{\"@id\":\"http:\/\/wargodspress.com.br\/wargods\/slow-pioneiros-do-metal-gaucho-anunciam-retorno-as-atividades\/\"},\"wordCount\":903,\"commentCount\":0,\"publisher\":{\"@id\":\"http:\/\/wargodspress.com.br\/wargods\/#organization\"},\"keywords\":[\"Slow\",\"Wargods Press\"],\"articleSection\":[\"News\"],\"inLanguage\":\"pt-BR\",\"potentialAction\":[{\"@type\":\"CommentAction\",\"name\":\"Comment\",\"target\":[\"http:\/\/wargodspress.com.br\/wargods\/slow-pioneiros-do-metal-gaucho-anunciam-retorno-as-atividades\/#respond\"]}]},{\"@type\":\"WebPage\",\"@id\":\"http:\/\/wargodspress.com.br\/wargods\/slow-pioneiros-do-metal-gaucho-anunciam-retorno-as-atividades\/\",\"url\":\"http:\/\/wargodspress.com.br\/wargods\/slow-pioneiros-do-metal-gaucho-anunciam-retorno-as-atividades\/\",\"name\":\"Slow: Pioneiros do Metal Ga\u00facho anunciam retorno \u00e0s atividades - WARGODS PRESS - 2006 - 2026\",\"isPartOf\":{\"@id\":\"http:\/\/wargodspress.com.br\/wargods\/#website\"},\"datePublished\":\"2019-07-17T15:42:23+00:00\",\"dateModified\":\"2019-07-17T15:42:38+00:00\",\"breadcrumb\":{\"@id\":\"http:\/\/wargodspress.com.br\/wargods\/slow-pioneiros-do-metal-gaucho-anunciam-retorno-as-atividades\/#breadcrumb\"},\"inLanguage\":\"pt-BR\",\"potentialAction\":[{\"@type\":\"ReadAction\",\"target\":[\"http:\/\/wargodspress.com.br\/wargods\/slow-pioneiros-do-metal-gaucho-anunciam-retorno-as-atividades\/\"]}]},{\"@type\":\"BreadcrumbList\",\"@id\":\"http:\/\/wargodspress.com.br\/wargods\/slow-pioneiros-do-metal-gaucho-anunciam-retorno-as-atividades\/#breadcrumb\",\"itemListElement\":[{\"@type\":\"ListItem\",\"position\":1,\"name\":\"In\u00edcio\",\"item\":\"http:\/\/wargodspress.com.br\/wargods\/\"},{\"@type\":\"ListItem\",\"position\":2,\"name\":\"Slow: Pioneiros do Metal Ga\u00facho anunciam retorno \u00e0s atividades\"}]},{\"@type\":\"WebSite\",\"@id\":\"http:\/\/wargodspress.com.br\/wargods\/#website\",\"url\":\"http:\/\/wargodspress.com.br\/wargods\/\",\"name\":\"WARGODS PRESS - 2006 - 2026\",\"description\":\"Assessoria e Conte\u00fados\",\"publisher\":{\"@id\":\"http:\/\/wargodspress.com.br\/wargods\/#organization\"},\"potentialAction\":[{\"@type\":\"SearchAction\",\"target\":{\"@type\":\"EntryPoint\",\"urlTemplate\":\"http:\/\/wargodspress.com.br\/wargods\/?s={search_term_string}\"},\"query-input\":\"required name=search_term_string\"}],\"inLanguage\":\"pt-BR\"},{\"@type\":\"Organization\",\"@id\":\"http:\/\/wargodspress.com.br\/wargods\/#organization\",\"name\":\"WARGODS PRESS - 2006 - 2026\",\"url\":\"http:\/\/wargodspress.com.br\/wargods\/\",\"sameAs\":[\"https:\/\/www.instagram.com\/wargodspress\/\",\"https:\/\/www.facebook.com\/wargodspress\",\"https:\/\/twitter.com\/wargodspress\"],\"logo\":{\"@type\":\"ImageObject\",\"inLanguage\":\"pt-BR\",\"@id\":\"http:\/\/wargodspress.com.br\/wargods\/#\/schema\/logo\/image\/\",\"url\":\"https:\/\/wargodspress.com.br\/wargods\/wp-content\/uploads\/2022\/09\/cropped-cropped-logo-novo-4-2.png\",\"contentUrl\":\"https:\/\/wargodspress.com.br\/wargods\/wp-content\/uploads\/2022\/09\/cropped-cropped-logo-novo-4-2.png\",\"width\":1719,\"height\":635,\"caption\":\"WARGODS PRESS - 2006 - 2026\"},\"image\":{\"@id\":\"http:\/\/wargodspress.com.br\/wargods\/#\/schema\/logo\/image\/\"}},{\"@type\":\"Person\",\"@id\":\"http:\/\/wargodspress.com.br\/wargods\/#\/schema\/person\/57390b6095ac3486713a1a3b1421fad2\",\"name\":\"WarGodsPress\",\"image\":{\"@type\":\"ImageObject\",\"inLanguage\":\"pt-BR\",\"@id\":\"http:\/\/wargodspress.com.br\/wargods\/#\/schema\/person\/image\/\",\"url\":\"https:\/\/secure.gravatar.com\/avatar\/2c926860538faceab6faaaec86b7ef70caa691c9added2d15bf6132c40252420?s=96&d=mm&r=g\",\"contentUrl\":\"https:\/\/secure.gravatar.com\/avatar\/2c926860538faceab6faaaec86b7ef70caa691c9added2d15bf6132c40252420?s=96&d=mm&r=g\",\"caption\":\"WarGodsPress\"},\"description\":\"Assessor de Imprensa com a Wargods Press, colaborador da revista Roadie Crew, co-autor do livro T\u00e1 no Sangue! e podcaster com o Metal Legacy.\",\"sameAs\":[\"http:\/\/www.wargodspress.com.br\"],\"url\":\"https:\/\/wargodspress.com.br\/wargods\/author\/wargodspress\/\"}]}<\/script>\n<!-- \/ Yoast SEO plugin. -->","yoast_head_json":{"title":"Slow: Pioneiros do Metal Ga\u00facho anunciam retorno \u00e0s atividades - WARGODS PRESS - 2006 - 2026","robots":{"index":"index","follow":"follow","max-snippet":"max-snippet:-1","max-image-preview":"max-image-preview:large","max-video-preview":"max-video-preview:-1"},"canonical":"http:\/\/wargodspress.com.br\/wargods\/slow-pioneiros-do-metal-gaucho-anunciam-retorno-as-atividades\/","og_locale":"pt_BR","og_type":"article","og_title":"Slow: Pioneiros do Metal Ga\u00facho anunciam retorno \u00e0s atividades - WARGODS PRESS - 2006 - 2026","og_description":"A banda ga\u00facha SLOW retorna \u00e0s atividades com o lan\u00e7amento do \u00e1lbum \u201cL\u00e1grimas de \u00cdcaro\u201d, lan\u00e7ado em junho de 2019","og_url":"http:\/\/wargodspress.com.br\/wargods\/slow-pioneiros-do-metal-gaucho-anunciam-retorno-as-atividades\/","og_site_name":"WARGODS PRESS - 2006 - 2026","article_publisher":"https:\/\/www.facebook.com\/wargodspress","article_published_time":"2019-07-17T15:42:23+00:00","article_modified_time":"2019-07-17T15:42:38+00:00","og_image":[{"width":517,"height":329,"url":"http:\/\/wargodspress.com.br\/wargods\/wp-content\/uploads\/2019\/07\/Slow-Press.jpg","type":"image\/jpeg"}],"author":"WarGodsPress","twitter_card":"summary_large_image","twitter_creator":"@wargodspress","twitter_site":"@wargodspress","twitter_misc":{"Escrito por":"WarGodsPress","Est. tempo de leitura":"4 minutos"},"schema":{"@context":"https:\/\/schema.org","@graph":[{"@type":"Article","@id":"http:\/\/wargodspress.com.br\/wargods\/slow-pioneiros-do-metal-gaucho-anunciam-retorno-as-atividades\/#article","isPartOf":{"@id":"http:\/\/wargodspress.com.br\/wargods\/slow-pioneiros-do-metal-gaucho-anunciam-retorno-as-atividades\/"},"author":{"name":"WarGodsPress","@id":"http:\/\/wargodspress.com.br\/wargods\/#\/schema\/person\/57390b6095ac3486713a1a3b1421fad2"},"headline":"Slow: Pioneiros do Metal Ga\u00facho anunciam retorno \u00e0s atividades","datePublished":"2019-07-17T15:42:23+00:00","dateModified":"2019-07-17T15:42:38+00:00","mainEntityOfPage":{"@id":"http:\/\/wargodspress.com.br\/wargods\/slow-pioneiros-do-metal-gaucho-anunciam-retorno-as-atividades\/"},"wordCount":903,"commentCount":0,"publisher":{"@id":"http:\/\/wargodspress.com.br\/wargods\/#organization"},"keywords":["Slow","Wargods Press"],"articleSection":["News"],"inLanguage":"pt-BR","potentialAction":[{"@type":"CommentAction","name":"Comment","target":["http:\/\/wargodspress.com.br\/wargods\/slow-pioneiros-do-metal-gaucho-anunciam-retorno-as-atividades\/#respond"]}]},{"@type":"WebPage","@id":"http:\/\/wargodspress.com.br\/wargods\/slow-pioneiros-do-metal-gaucho-anunciam-retorno-as-atividades\/","url":"http:\/\/wargodspress.com.br\/wargods\/slow-pioneiros-do-metal-gaucho-anunciam-retorno-as-atividades\/","name":"Slow: Pioneiros do Metal Ga\u00facho anunciam retorno \u00e0s atividades - WARGODS PRESS - 2006 - 2026","isPartOf":{"@id":"http:\/\/wargodspress.com.br\/wargods\/#website"},"datePublished":"2019-07-17T15:42:23+00:00","dateModified":"2019-07-17T15:42:38+00:00","breadcrumb":{"@id":"http:\/\/wargodspress.com.br\/wargods\/slow-pioneiros-do-metal-gaucho-anunciam-retorno-as-atividades\/#breadcrumb"},"inLanguage":"pt-BR","potentialAction":[{"@type":"ReadAction","target":["http:\/\/wargodspress.com.br\/wargods\/slow-pioneiros-do-metal-gaucho-anunciam-retorno-as-atividades\/"]}]},{"@type":"BreadcrumbList","@id":"http:\/\/wargodspress.com.br\/wargods\/slow-pioneiros-do-metal-gaucho-anunciam-retorno-as-atividades\/#breadcrumb","itemListElement":[{"@type":"ListItem","position":1,"name":"In\u00edcio","item":"http:\/\/wargodspress.com.br\/wargods\/"},{"@type":"ListItem","position":2,"name":"Slow: Pioneiros do Metal Ga\u00facho anunciam retorno \u00e0s atividades"}]},{"@type":"WebSite","@id":"http:\/\/wargodspress.com.br\/wargods\/#website","url":"http:\/\/wargodspress.com.br\/wargods\/","name":"WARGODS PRESS - 2006 - 2026","description":"Assessoria e Conte\u00fados","publisher":{"@id":"http:\/\/wargodspress.com.br\/wargods\/#organization"},"potentialAction":[{"@type":"SearchAction","target":{"@type":"EntryPoint","urlTemplate":"http:\/\/wargodspress.com.br\/wargods\/?s={search_term_string}"},"query-input":"required name=search_term_string"}],"inLanguage":"pt-BR"},{"@type":"Organization","@id":"http:\/\/wargodspress.com.br\/wargods\/#organization","name":"WARGODS PRESS - 2006 - 2026","url":"http:\/\/wargodspress.com.br\/wargods\/","sameAs":["https:\/\/www.instagram.com\/wargodspress\/","https:\/\/www.facebook.com\/wargodspress","https:\/\/twitter.com\/wargodspress"],"logo":{"@type":"ImageObject","inLanguage":"pt-BR","@id":"http:\/\/wargodspress.com.br\/wargods\/#\/schema\/logo\/image\/","url":"https:\/\/wargodspress.com.br\/wargods\/wp-content\/uploads\/2022\/09\/cropped-cropped-logo-novo-4-2.png","contentUrl":"https:\/\/wargodspress.com.br\/wargods\/wp-content\/uploads\/2022\/09\/cropped-cropped-logo-novo-4-2.png","width":1719,"height":635,"caption":"WARGODS PRESS - 2006 - 2026"},"image":{"@id":"http:\/\/wargodspress.com.br\/wargods\/#\/schema\/logo\/image\/"}},{"@type":"Person","@id":"http:\/\/wargodspress.com.br\/wargods\/#\/schema\/person\/57390b6095ac3486713a1a3b1421fad2","name":"WarGodsPress","image":{"@type":"ImageObject","inLanguage":"pt-BR","@id":"http:\/\/wargodspress.com.br\/wargods\/#\/schema\/person\/image\/","url":"https:\/\/secure.gravatar.com\/avatar\/2c926860538faceab6faaaec86b7ef70caa691c9added2d15bf6132c40252420?s=96&d=mm&r=g","contentUrl":"https:\/\/secure.gravatar.com\/avatar\/2c926860538faceab6faaaec86b7ef70caa691c9added2d15bf6132c40252420?s=96&d=mm&r=g","caption":"WarGodsPress"},"description":"Assessor de Imprensa com a Wargods Press, colaborador da revista Roadie Crew, co-autor do livro T\u00e1 no Sangue! e podcaster com o Metal Legacy.","sameAs":["http:\/\/www.wargodspress.com.br"],"url":"https:\/\/wargodspress.com.br\/wargods\/author\/wargodspress\/"}]}},"_links":{"self":[{"href":"https:\/\/wargodspress.com.br\/wargods\/wp-json\/wp\/v2\/posts\/858","targetHints":{"allow":["GET"]}}],"collection":[{"href":"https:\/\/wargodspress.com.br\/wargods\/wp-json\/wp\/v2\/posts"}],"about":[{"href":"https:\/\/wargodspress.com.br\/wargods\/wp-json\/wp\/v2\/types\/post"}],"author":[{"embeddable":true,"href":"https:\/\/wargodspress.com.br\/wargods\/wp-json\/wp\/v2\/users\/1"}],"replies":[{"embeddable":true,"href":"https:\/\/wargodspress.com.br\/wargods\/wp-json\/wp\/v2\/comments?post=858"}],"version-history":[{"count":1,"href":"https:\/\/wargodspress.com.br\/wargods\/wp-json\/wp\/v2\/posts\/858\/revisions"}],"predecessor-version":[{"id":861,"href":"https:\/\/wargodspress.com.br\/wargods\/wp-json\/wp\/v2\/posts\/858\/revisions\/861"}],"wp:featuredmedia":[{"embeddable":true,"href":"https:\/\/wargodspress.com.br\/wargods\/wp-json\/wp\/v2\/media\/859"}],"wp:attachment":[{"href":"https:\/\/wargodspress.com.br\/wargods\/wp-json\/wp\/v2\/media?parent=858"}],"wp:term":[{"taxonomy":"category","embeddable":true,"href":"https:\/\/wargodspress.com.br\/wargods\/wp-json\/wp\/v2\/categories?post=858"},{"taxonomy":"post_tag","embeddable":true,"href":"https:\/\/wargodspress.com.br\/wargods\/wp-json\/wp\/v2\/tags?post=858"}],"curies":[{"name":"wp","href":"https:\/\/api.w.org\/{rel}","templated":true}]}}