{"id":6321,"date":"2025-09-04T16:00:29","date_gmt":"2025-09-04T19:00:29","guid":{"rendered":"https:\/\/wargodspress.com.br\/wargods\/?p=6321"},"modified":"2025-09-04T16:00:30","modified_gmt":"2025-09-04T19:00:30","slug":"kataphero-anuncia-participacao-no-festival-cvlto-ao-macabro","status":"publish","type":"post","link":"https:\/\/wargodspress.com.br\/wargods\/kataphero-anuncia-participacao-no-festival-cvlto-ao-macabro\/","title":{"rendered":"Kataphero anuncia participa\u00e7\u00e3o no festival \u201cCvlto ao Macabro\u201d"},"content":{"rendered":"\n<p>A banda potiguar <strong>Kataphero<\/strong> confirma presen\u00e7a no evento <strong><em>\u201cCvlto ao Macabro \u2013 Cvltvs Mortis\u201d<\/em><\/strong>, que acontece no dia 22 de novembro, no <strong>Backstage Bar<\/strong>, em Natal\/RN. O festival reunir\u00e1 expoentes do Metal extremo nordestino, entre eles <strong>Malkuth<\/strong> (PE), <strong>Vox<\/strong> <strong>Satanas<\/strong> (CE) e <strong>Nighthunter<\/strong> (RN).<\/p>\n\n\n\n<p>Com 16 anos de trajet\u00f3ria, o <strong>Kataphero<\/strong> surgiu em 2008 como projeto de est\u00fadio e se consolidou nos palcos a partir de 2010, construindo uma reputa\u00e7\u00e3o s\u00f3lida que inclui a divis\u00e3o de palco com nomes hist\u00f3ricos como <strong>Rotting<\/strong> <strong>Christ<\/strong>, <strong>Sodom<\/strong>, <strong>Krisiun<\/strong> e <strong>Torture<\/strong> <strong>Squad<\/strong>. Desde o lan\u00e7amento do debut <strong><em>\u201cFrom the Black Earth\u201d <\/em><\/strong>(2015), o grupo vem desenvolvendo um estilo pr\u00f3prio, unindo filosofia e arranjos extremos.<\/p>\n\n\n\n<p>Recentemente, a banda lan\u00e7ou digitalmente o EP <strong><em>\u201cFrom the Science of the Black Earth\u201d<\/em><\/strong>, composto pelas faixas <strong><em>\u201cFurnace Entrance\u201d, \u201cTriple Tongue of Fire\u201d<\/em><\/strong> e <strong><em>\u201cCasting Illusions\u201d<\/em><\/strong>. O trabalho mergulha em uma atmosfera conceitual, mostrando a forte veia art\u00edstica que acompanha sua discografia. O lan\u00e7amento foi celebrado em julho com um show gratuito na <strong>Sede Cultural DoSol<\/strong>, parte da programa\u00e7\u00e3o do <strong>DoSol em Movimento<\/strong>, projeto realizado com apoio da <strong>Funarte<\/strong> e do <strong>Minist\u00e9rio da Cultura<\/strong>.<\/p>\n\n\n\n<p>Al\u00e9m do novo EP, o <strong>Kataphero<\/strong> iniciou a pr\u00e9-venda de uma camisa oficial estampada com a arte criada por <strong>Thiago Marinho<\/strong>, que pode ser adquirido diretamente com a banda atrav\u00e9s do Instagram. No horizonte, a banda prepara o \u00e1lbum <strong><em>\u201cFrom Dust To Dust\u201d<\/em><\/strong>, uma expans\u00e3o conceitual do debut de 2015, que ganhar\u00e1 nova roupagem e ser\u00e1 complementado por seis faixas in\u00e9ditas. Al\u00e9m disso, o <strong>Kataphero<\/strong> projeta para 2026 \u2013 al\u00e9m do lan\u00e7amento do novo \u00e1lbum &#8211; a circula\u00e7\u00e3o em novos festivais dentro e fora do Nordeste.<\/p>\n\n\n\n<p><strong>Servi\u00e7o:<\/strong><\/p>\n\n\n\n<p><strong>Evento: <\/strong>Cvlto ao Macabro \u2013 Cvltvs Mortis<br><strong>Data:<\/strong> 22 de novembro (domingo), a partir das 21h<br><strong>Local:<\/strong> Backstage Bar \u2013 Rua Ulisses Caldas, 144, Cidade Alta, Natal\/RN<br><strong>Ingressos: <\/strong>R$ 30 (antecipado) | R$ 45 (portaria) &#8211; (Via Pix: 84991630851 \u2013 Will Bank \u2013 Ana Ra\u00edssa Ol\u00edmpio Brilhante)<\/p>\n\n\n\n<p><strong><em>Ou\u00e7a \u201cFrom the Science of the Black Earth\u201d no Spotify:<br><\/em><\/strong><a href=\"https:\/\/open.spotify.com\/intl-pt\/album\/2ZA4RjyRALCr8gDx6ZrVf3\"><em>https:\/\/open.spotify.com\/intl-pt\/album\/2ZA4RjyRALCr8gDx6ZrVf3<\/em><\/a><br><br><strong><em>Assista ao v\u00eddeo de \u201cTriple Tongue Of Fire\u201d:<\/em><\/strong><\/p>\n\n\n\n<figure class=\"wp-block-embed is-type-video is-provider-youtube wp-block-embed-youtube wp-embed-aspect-16-9 wp-has-aspect-ratio\"><div class=\"wp-block-embed__wrapper\">\n<iframe loading=\"lazy\" title=\"Kataphero - Triple Tongue of Fire\" width=\"800\" height=\"450\" src=\"https:\/\/www.youtube.com\/embed\/XIh2ChkthzA?feature=oembed\" frameborder=\"0\" allow=\"accelerometer; autoplay; clipboard-write; encrypted-media; gyroscope; picture-in-picture; web-share\" referrerpolicy=\"strict-origin-when-cross-origin\" allowfullscreen><\/iframe>\n<\/div><\/figure>\n\n\n\n<p><strong>Cr\u00e9ditos da foto: <\/strong>Divulga\u00e7\u00e3o<\/p>\n\n\n\n<p><strong>Contatos: <\/strong><a href=\"mailto:kataphero@gmail.com\">kataphero@gmail.com<\/a><br><strong>Facebook: <\/strong><a href=\"https:\/\/www.facebook.com\/kataphero\">https:\/\/www.facebook.com\/kataphero<\/a><br><strong>Instagram:<\/strong> <a href=\"https:\/\/www.instagram.com\/kataphero\">https:\/\/www.instagram.com\/kataphero<\/a><br><strong>YouTube: <\/strong><a href=\"https:\/\/www.youtube.com\/user\/kataphero\">https:\/\/www.youtube.com\/user\/kataphero<\/a><br><strong>Bandcamp: <\/strong><a href=\"https:\/\/kataphero.bandcamp.com\">https:\/\/kataphero.bandcamp.com<\/a><br><strong>Assessoria de Imprensa:<\/strong> <a href=\"http:\/\/www.wargodspress.com.br\">www.wargodspress.com.br<\/a><\/p>\n\n\n\n<figure class=\"wp-block-image size-large\"><img loading=\"lazy\" decoding=\"async\" width=\"724\" height=\"1024\" src=\"https:\/\/wargodspress.com.br\/wargods\/wp-content\/uploads\/2025\/09\/Kataphero-Show-724x1024.jpg\" alt=\"\" class=\"wp-image-6322\" srcset=\"https:\/\/wargodspress.com.br\/wargods\/wp-content\/uploads\/2025\/09\/Kataphero-Show-724x1024.jpg 724w, https:\/\/wargodspress.com.br\/wargods\/wp-content\/uploads\/2025\/09\/Kataphero-Show-636x900.jpg 636w, https:\/\/wargodspress.com.br\/wargods\/wp-content\/uploads\/2025\/09\/Kataphero-Show-768x1086.jpg 768w, https:\/\/wargodspress.com.br\/wargods\/wp-content\/uploads\/2025\/09\/Kataphero-Show.jpg 905w\" sizes=\"auto, (max-width: 724px) 100vw, 724px\" \/><\/figure>\n","protected":false},"excerpt":{"rendered":"<p>A banda potiguar Kataphero confirma presen\u00e7a no evento \u201cCvlto ao Macabro \u2013 Cvltvs Mortis\u201d, que acontece no dia 22 de<\/p>\n","protected":false},"author":1,"featured_media":6068,"comment_status":"closed","ping_status":"closed","sticky":false,"template":"","format":"standard","meta":{"footnotes":""},"categories":[590,3],"tags":[970,22],"class_list":["post-6321","post","type-post","status-publish","format-standard","has-post-thumbnail","hentry","category-agenda","category-news","tag-kataphero","tag-wargods-press"],"yoast_head":"<!-- This site is optimized with the Yoast SEO plugin v19.7.1 - https:\/\/yoast.com\/wordpress\/plugins\/seo\/ -->\n<title>Kataphero anuncia participa\u00e7\u00e3o no festival \u201cCvlto ao Macabro\u201d - WARGODS PRESS - 2006 - 2026<\/title>\n<meta name=\"description\" content=\"A banda potiguar Kataphero confirma presen\u00e7a no evento \u201cCvlto ao Macabro \u2013 Cvltvs Mortis\u201d, que acontece no dia 22 de novembro, no Backstage Bar, em\" \/>\n<meta name=\"robots\" content=\"index, follow, max-snippet:-1, max-image-preview:large, max-video-preview:-1\" \/>\n<link rel=\"canonical\" href=\"http:\/\/wargodspress.com.br\/wargods\/kataphero-anuncia-participacao-no-festival-cvlto-ao-macabro\/\" \/>\n<meta property=\"og:locale\" content=\"pt_BR\" \/>\n<meta property=\"og:type\" content=\"article\" \/>\n<meta property=\"og:title\" content=\"WARGODS PRESS - 2006 - 2026 - Kataphero anuncia participa\u00e7\u00e3o no festival \u201cCvlto ao Macabro\u201d\" \/>\n<meta property=\"og:description\" content=\"A banda potiguar Kataphero confirma presen\u00e7a no evento \u201cCvlto ao Macabro \u2013 Cvltvs Mortis\u201d, que acontece no dia 22 de novembro, no Backstage Bar, em\" \/>\n<meta property=\"og:url\" content=\"http:\/\/wargodspress.com.br\/wargods\/kataphero-anuncia-participacao-no-festival-cvlto-ao-macabro\/\" \/>\n<meta property=\"og:site_name\" content=\"WARGODS PRESS - 2006 - 2026\" \/>\n<meta property=\"article:publisher\" content=\"https:\/\/www.facebook.com\/wargodspress\" \/>\n<meta property=\"article:published_time\" content=\"2025-09-04T19:00:29+00:00\" \/>\n<meta property=\"article:modified_time\" content=\"2025-09-04T19:00:30+00:00\" \/>\n<meta property=\"og:image\" content=\"http:\/\/wargodspress.com.br\/wargods\/wp-content\/uploads\/2025\/05\/Kataphero-Press-2025.jpg\" \/>\n\t<meta property=\"og:image:width\" content=\"1920\" \/>\n\t<meta property=\"og:image:height\" content=\"1280\" \/>\n\t<meta property=\"og:image:type\" content=\"image\/jpeg\" \/>\n<meta name=\"author\" content=\"WarGodsPress\" \/>\n<meta name=\"twitter:card\" content=\"summary_large_image\" \/>\n<meta name=\"twitter:title\" content=\"WARGODS PRESS - 2006 - 2026 - Kataphero anuncia participa\u00e7\u00e3o no festival \u201cCvlto ao Macabro\u201d\" \/>\n<meta name=\"twitter:description\" content=\"A banda potiguar Kataphero confirma presen\u00e7a no evento \u201cCvlto ao Macabro \u2013 Cvltvs Mortis\u201d, que acontece no dia 22 de novembro, no Backstage Bar, em\" \/>\n<meta name=\"twitter:image\" content=\"https:\/\/wargodspress.com.br\/wargods\/wp-content\/uploads\/2025\/05\/Kataphero-Press-2025.jpg\" \/>\n<meta name=\"twitter:creator\" content=\"@wargodspress\" \/>\n<meta name=\"twitter:site\" content=\"@wargodspress\" \/>\n<meta name=\"twitter:label1\" content=\"Escrito por\" \/>\n\t<meta name=\"twitter:data1\" content=\"WarGodsPress\" \/>\n\t<meta name=\"twitter:label2\" content=\"Est. tempo de leitura\" \/>\n\t<meta name=\"twitter:data2\" content=\"2 minutos\" \/>\n<script type=\"application\/ld+json\" class=\"yoast-schema-graph\">{\"@context\":\"https:\/\/schema.org\",\"@graph\":[{\"@type\":\"Article\",\"@id\":\"http:\/\/wargodspress.com.br\/wargods\/kataphero-anuncia-participacao-no-festival-cvlto-ao-macabro\/#article\",\"isPartOf\":{\"@id\":\"http:\/\/wargodspress.com.br\/wargods\/kataphero-anuncia-participacao-no-festival-cvlto-ao-macabro\/\"},\"author\":{\"name\":\"WarGodsPress\",\"@id\":\"http:\/\/wargodspress.com.br\/wargods\/#\/schema\/person\/57390b6095ac3486713a1a3b1421fad2\"},\"headline\":\"Kataphero anuncia participa\u00e7\u00e3o no festival \u201cCvlto ao Macabro\u201d\",\"datePublished\":\"2025-09-04T19:00:29+00:00\",\"dateModified\":\"2025-09-04T19:00:30+00:00\",\"mainEntityOfPage\":{\"@id\":\"http:\/\/wargodspress.com.br\/wargods\/kataphero-anuncia-participacao-no-festival-cvlto-ao-macabro\/\"},\"wordCount\":407,\"publisher\":{\"@id\":\"http:\/\/wargodspress.com.br\/wargods\/#organization\"},\"keywords\":[\"Kataphero\",\"Wargods Press\"],\"articleSection\":[\"Agenda\",\"News\"],\"inLanguage\":\"pt-BR\"},{\"@type\":\"WebPage\",\"@id\":\"http:\/\/wargodspress.com.br\/wargods\/kataphero-anuncia-participacao-no-festival-cvlto-ao-macabro\/\",\"url\":\"http:\/\/wargodspress.com.br\/wargods\/kataphero-anuncia-participacao-no-festival-cvlto-ao-macabro\/\",\"name\":\"Kataphero anuncia participa\u00e7\u00e3o no festival \u201cCvlto ao Macabro\u201d - WARGODS PRESS - 2006 - 2026\",\"isPartOf\":{\"@id\":\"http:\/\/wargodspress.com.br\/wargods\/#website\"},\"datePublished\":\"2025-09-04T19:00:29+00:00\",\"dateModified\":\"2025-09-04T19:00:30+00:00\",\"description\":\"A banda potiguar Kataphero confirma presen\u00e7a no evento \u201cCvlto ao Macabro \u2013 Cvltvs Mortis\u201d, que acontece no dia 22 de novembro, no Backstage Bar, em\",\"breadcrumb\":{\"@id\":\"http:\/\/wargodspress.com.br\/wargods\/kataphero-anuncia-participacao-no-festival-cvlto-ao-macabro\/#breadcrumb\"},\"inLanguage\":\"pt-BR\",\"potentialAction\":[{\"@type\":\"ReadAction\",\"target\":[\"http:\/\/wargodspress.com.br\/wargods\/kataphero-anuncia-participacao-no-festival-cvlto-ao-macabro\/\"]}]},{\"@type\":\"BreadcrumbList\",\"@id\":\"http:\/\/wargodspress.com.br\/wargods\/kataphero-anuncia-participacao-no-festival-cvlto-ao-macabro\/#breadcrumb\",\"itemListElement\":[{\"@type\":\"ListItem\",\"position\":1,\"name\":\"In\u00edcio\",\"item\":\"http:\/\/wargodspress.com.br\/wargods\/\"},{\"@type\":\"ListItem\",\"position\":2,\"name\":\"Kataphero anuncia participa\u00e7\u00e3o no festival \u201cCvlto ao Macabro\u201d\"}]},{\"@type\":\"WebSite\",\"@id\":\"http:\/\/wargodspress.com.br\/wargods\/#website\",\"url\":\"http:\/\/wargodspress.com.br\/wargods\/\",\"name\":\"WARGODS PRESS - 2006 - 2026\",\"description\":\"Assessoria e Conte\u00fados\",\"publisher\":{\"@id\":\"http:\/\/wargodspress.com.br\/wargods\/#organization\"},\"potentialAction\":[{\"@type\":\"SearchAction\",\"target\":{\"@type\":\"EntryPoint\",\"urlTemplate\":\"http:\/\/wargodspress.com.br\/wargods\/?s={search_term_string}\"},\"query-input\":\"required name=search_term_string\"}],\"inLanguage\":\"pt-BR\"},{\"@type\":\"Organization\",\"@id\":\"http:\/\/wargodspress.com.br\/wargods\/#organization\",\"name\":\"WARGODS PRESS - 2006 - 2026\",\"url\":\"http:\/\/wargodspress.com.br\/wargods\/\",\"sameAs\":[\"https:\/\/www.instagram.com\/wargodspress\/\",\"https:\/\/www.facebook.com\/wargodspress\",\"https:\/\/twitter.com\/wargodspress\"],\"logo\":{\"@type\":\"ImageObject\",\"inLanguage\":\"pt-BR\",\"@id\":\"http:\/\/wargodspress.com.br\/wargods\/#\/schema\/logo\/image\/\",\"url\":\"https:\/\/wargodspress.com.br\/wargods\/wp-content\/uploads\/2022\/09\/cropped-cropped-logo-novo-4-2.png\",\"contentUrl\":\"https:\/\/wargodspress.com.br\/wargods\/wp-content\/uploads\/2022\/09\/cropped-cropped-logo-novo-4-2.png\",\"width\":1719,\"height\":635,\"caption\":\"WARGODS PRESS - 2006 - 2026\"},\"image\":{\"@id\":\"http:\/\/wargodspress.com.br\/wargods\/#\/schema\/logo\/image\/\"}},{\"@type\":\"Person\",\"@id\":\"http:\/\/wargodspress.com.br\/wargods\/#\/schema\/person\/57390b6095ac3486713a1a3b1421fad2\",\"name\":\"WarGodsPress\",\"image\":{\"@type\":\"ImageObject\",\"inLanguage\":\"pt-BR\",\"@id\":\"http:\/\/wargodspress.com.br\/wargods\/#\/schema\/person\/image\/\",\"url\":\"https:\/\/secure.gravatar.com\/avatar\/2c926860538faceab6faaaec86b7ef70caa691c9added2d15bf6132c40252420?s=96&d=mm&r=g\",\"contentUrl\":\"https:\/\/secure.gravatar.com\/avatar\/2c926860538faceab6faaaec86b7ef70caa691c9added2d15bf6132c40252420?s=96&d=mm&r=g\",\"caption\":\"WarGodsPress\"},\"description\":\"Assessor de Imprensa com a Wargods Press, colaborador da revista Roadie Crew, co-autor do livro T\u00e1 no Sangue! e podcaster com o Metal Legacy.\",\"sameAs\":[\"http:\/\/www.wargodspress.com.br\"],\"url\":\"https:\/\/wargodspress.com.br\/wargods\/author\/wargodspress\/\"}]}<\/script>\n<!-- \/ Yoast SEO plugin. -->","yoast_head_json":{"title":"Kataphero anuncia participa\u00e7\u00e3o no festival \u201cCvlto ao Macabro\u201d - WARGODS PRESS - 2006 - 2026","description":"A banda potiguar Kataphero confirma presen\u00e7a no evento \u201cCvlto ao Macabro \u2013 Cvltvs Mortis\u201d, que acontece no dia 22 de novembro, no Backstage Bar, em","robots":{"index":"index","follow":"follow","max-snippet":"max-snippet:-1","max-image-preview":"max-image-preview:large","max-video-preview":"max-video-preview:-1"},"canonical":"http:\/\/wargodspress.com.br\/wargods\/kataphero-anuncia-participacao-no-festival-cvlto-ao-macabro\/","og_locale":"pt_BR","og_type":"article","og_title":"WARGODS PRESS - 2006 - 2026 - Kataphero anuncia participa\u00e7\u00e3o no festival \u201cCvlto ao Macabro\u201d","og_description":"A banda potiguar Kataphero confirma presen\u00e7a no evento \u201cCvlto ao Macabro \u2013 Cvltvs Mortis\u201d, que acontece no dia 22 de novembro, no Backstage Bar, em","og_url":"http:\/\/wargodspress.com.br\/wargods\/kataphero-anuncia-participacao-no-festival-cvlto-ao-macabro\/","og_site_name":"WARGODS PRESS - 2006 - 2026","article_publisher":"https:\/\/www.facebook.com\/wargodspress","article_published_time":"2025-09-04T19:00:29+00:00","article_modified_time":"2025-09-04T19:00:30+00:00","og_image":[{"width":1920,"height":1280,"url":"http:\/\/wargodspress.com.br\/wargods\/wp-content\/uploads\/2025\/05\/Kataphero-Press-2025.jpg","type":"image\/jpeg"}],"author":"WarGodsPress","twitter_card":"summary_large_image","twitter_title":"WARGODS PRESS - 2006 - 2026 - Kataphero anuncia participa\u00e7\u00e3o no festival \u201cCvlto ao Macabro\u201d","twitter_description":"A banda potiguar Kataphero confirma presen\u00e7a no evento \u201cCvlto ao Macabro \u2013 Cvltvs Mortis\u201d, que acontece no dia 22 de novembro, no Backstage Bar, em","twitter_image":"https:\/\/wargodspress.com.br\/wargods\/wp-content\/uploads\/2025\/05\/Kataphero-Press-2025.jpg","twitter_creator":"@wargodspress","twitter_site":"@wargodspress","twitter_misc":{"Escrito por":"WarGodsPress","Est. tempo de leitura":"2 minutos"},"schema":{"@context":"https:\/\/schema.org","@graph":[{"@type":"Article","@id":"http:\/\/wargodspress.com.br\/wargods\/kataphero-anuncia-participacao-no-festival-cvlto-ao-macabro\/#article","isPartOf":{"@id":"http:\/\/wargodspress.com.br\/wargods\/kataphero-anuncia-participacao-no-festival-cvlto-ao-macabro\/"},"author":{"name":"WarGodsPress","@id":"http:\/\/wargodspress.com.br\/wargods\/#\/schema\/person\/57390b6095ac3486713a1a3b1421fad2"},"headline":"Kataphero anuncia participa\u00e7\u00e3o no festival \u201cCvlto ao Macabro\u201d","datePublished":"2025-09-04T19:00:29+00:00","dateModified":"2025-09-04T19:00:30+00:00","mainEntityOfPage":{"@id":"http:\/\/wargodspress.com.br\/wargods\/kataphero-anuncia-participacao-no-festival-cvlto-ao-macabro\/"},"wordCount":407,"publisher":{"@id":"http:\/\/wargodspress.com.br\/wargods\/#organization"},"keywords":["Kataphero","Wargods Press"],"articleSection":["Agenda","News"],"inLanguage":"pt-BR"},{"@type":"WebPage","@id":"http:\/\/wargodspress.com.br\/wargods\/kataphero-anuncia-participacao-no-festival-cvlto-ao-macabro\/","url":"http:\/\/wargodspress.com.br\/wargods\/kataphero-anuncia-participacao-no-festival-cvlto-ao-macabro\/","name":"Kataphero anuncia participa\u00e7\u00e3o no festival \u201cCvlto ao Macabro\u201d - WARGODS PRESS - 2006 - 2026","isPartOf":{"@id":"http:\/\/wargodspress.com.br\/wargods\/#website"},"datePublished":"2025-09-04T19:00:29+00:00","dateModified":"2025-09-04T19:00:30+00:00","description":"A banda potiguar Kataphero confirma presen\u00e7a no evento \u201cCvlto ao Macabro \u2013 Cvltvs Mortis\u201d, que acontece no dia 22 de novembro, no Backstage Bar, em","breadcrumb":{"@id":"http:\/\/wargodspress.com.br\/wargods\/kataphero-anuncia-participacao-no-festival-cvlto-ao-macabro\/#breadcrumb"},"inLanguage":"pt-BR","potentialAction":[{"@type":"ReadAction","target":["http:\/\/wargodspress.com.br\/wargods\/kataphero-anuncia-participacao-no-festival-cvlto-ao-macabro\/"]}]},{"@type":"BreadcrumbList","@id":"http:\/\/wargodspress.com.br\/wargods\/kataphero-anuncia-participacao-no-festival-cvlto-ao-macabro\/#breadcrumb","itemListElement":[{"@type":"ListItem","position":1,"name":"In\u00edcio","item":"http:\/\/wargodspress.com.br\/wargods\/"},{"@type":"ListItem","position":2,"name":"Kataphero anuncia participa\u00e7\u00e3o no festival \u201cCvlto ao Macabro\u201d"}]},{"@type":"WebSite","@id":"http:\/\/wargodspress.com.br\/wargods\/#website","url":"http:\/\/wargodspress.com.br\/wargods\/","name":"WARGODS PRESS - 2006 - 2026","description":"Assessoria e Conte\u00fados","publisher":{"@id":"http:\/\/wargodspress.com.br\/wargods\/#organization"},"potentialAction":[{"@type":"SearchAction","target":{"@type":"EntryPoint","urlTemplate":"http:\/\/wargodspress.com.br\/wargods\/?s={search_term_string}"},"query-input":"required name=search_term_string"}],"inLanguage":"pt-BR"},{"@type":"Organization","@id":"http:\/\/wargodspress.com.br\/wargods\/#organization","name":"WARGODS PRESS - 2006 - 2026","url":"http:\/\/wargodspress.com.br\/wargods\/","sameAs":["https:\/\/www.instagram.com\/wargodspress\/","https:\/\/www.facebook.com\/wargodspress","https:\/\/twitter.com\/wargodspress"],"logo":{"@type":"ImageObject","inLanguage":"pt-BR","@id":"http:\/\/wargodspress.com.br\/wargods\/#\/schema\/logo\/image\/","url":"https:\/\/wargodspress.com.br\/wargods\/wp-content\/uploads\/2022\/09\/cropped-cropped-logo-novo-4-2.png","contentUrl":"https:\/\/wargodspress.com.br\/wargods\/wp-content\/uploads\/2022\/09\/cropped-cropped-logo-novo-4-2.png","width":1719,"height":635,"caption":"WARGODS PRESS - 2006 - 2026"},"image":{"@id":"http:\/\/wargodspress.com.br\/wargods\/#\/schema\/logo\/image\/"}},{"@type":"Person","@id":"http:\/\/wargodspress.com.br\/wargods\/#\/schema\/person\/57390b6095ac3486713a1a3b1421fad2","name":"WarGodsPress","image":{"@type":"ImageObject","inLanguage":"pt-BR","@id":"http:\/\/wargodspress.com.br\/wargods\/#\/schema\/person\/image\/","url":"https:\/\/secure.gravatar.com\/avatar\/2c926860538faceab6faaaec86b7ef70caa691c9added2d15bf6132c40252420?s=96&d=mm&r=g","contentUrl":"https:\/\/secure.gravatar.com\/avatar\/2c926860538faceab6faaaec86b7ef70caa691c9added2d15bf6132c40252420?s=96&d=mm&r=g","caption":"WarGodsPress"},"description":"Assessor de Imprensa com a Wargods Press, colaborador da revista Roadie Crew, co-autor do livro T\u00e1 no Sangue! e podcaster com o Metal Legacy.","sameAs":["http:\/\/www.wargodspress.com.br"],"url":"https:\/\/wargodspress.com.br\/wargods\/author\/wargodspress\/"}]}},"_links":{"self":[{"href":"https:\/\/wargodspress.com.br\/wargods\/wp-json\/wp\/v2\/posts\/6321","targetHints":{"allow":["GET"]}}],"collection":[{"href":"https:\/\/wargodspress.com.br\/wargods\/wp-json\/wp\/v2\/posts"}],"about":[{"href":"https:\/\/wargodspress.com.br\/wargods\/wp-json\/wp\/v2\/types\/post"}],"author":[{"embeddable":true,"href":"https:\/\/wargodspress.com.br\/wargods\/wp-json\/wp\/v2\/users\/1"}],"replies":[{"embeddable":true,"href":"https:\/\/wargodspress.com.br\/wargods\/wp-json\/wp\/v2\/comments?post=6321"}],"version-history":[{"count":1,"href":"https:\/\/wargodspress.com.br\/wargods\/wp-json\/wp\/v2\/posts\/6321\/revisions"}],"predecessor-version":[{"id":6323,"href":"https:\/\/wargodspress.com.br\/wargods\/wp-json\/wp\/v2\/posts\/6321\/revisions\/6323"}],"wp:featuredmedia":[{"embeddable":true,"href":"https:\/\/wargodspress.com.br\/wargods\/wp-json\/wp\/v2\/media\/6068"}],"wp:attachment":[{"href":"https:\/\/wargodspress.com.br\/wargods\/wp-json\/wp\/v2\/media?parent=6321"}],"wp:term":[{"taxonomy":"category","embeddable":true,"href":"https:\/\/wargodspress.com.br\/wargods\/wp-json\/wp\/v2\/categories?post=6321"},{"taxonomy":"post_tag","embeddable":true,"href":"https:\/\/wargodspress.com.br\/wargods\/wp-json\/wp\/v2\/tags?post=6321"}],"curies":[{"name":"wp","href":"https:\/\/api.w.org\/{rel}","templated":true}]}}