{"id":3891,"date":"2022-06-01T15:27:40","date_gmt":"2022-06-01T18:27:40","guid":{"rendered":"http:\/\/wargodspress.com.br\/wargods\/?p=3891"},"modified":"2022-06-01T15:27:40","modified_gmt":"2022-06-01T18:27:40","slug":"rage-in-my-eyes-video-clipe-de-spiral-seasons-e-lancado-com-imagens-ineditas-de-dvd","status":"publish","type":"post","link":"https:\/\/wargodspress.com.br\/wargods\/rage-in-my-eyes-video-clipe-de-spiral-seasons-e-lancado-com-imagens-ineditas-de-dvd\/","title":{"rendered":"Rage In My Eyes: V\u00eddeo clipe de \u201cSpiral Seasons\u201d \u00e9 lan\u00e7ado com imagens in\u00e9ditas de DVD"},"content":{"rendered":"<p><img loading=\"lazy\" decoding=\"async\" class=\"aligncenter size-medium wp-image-3663\" src=\"http:\/\/wargodspress.com.br\/wargods\/wp-content\/uploads\/2022\/02\/RIME-Press-Show-900x600.jpg\" alt=\"\" width=\"900\" height=\"600\" srcset=\"https:\/\/wargodspress.com.br\/wargods\/wp-content\/uploads\/2022\/02\/RIME-Press-Show-900x600.jpg 900w, https:\/\/wargodspress.com.br\/wargods\/wp-content\/uploads\/2022\/02\/RIME-Press-Show-768x512.jpg 768w, https:\/\/wargodspress.com.br\/wargods\/wp-content\/uploads\/2022\/02\/RIME-Press-Show-1024x683.jpg 1024w, https:\/\/wargodspress.com.br\/wargods\/wp-content\/uploads\/2022\/02\/RIME-Press-Show.jpg 1080w\" sizes=\"auto, (max-width: 900px) 100vw, 900px\" \/><\/p>\n<p>Est\u00e1 no ar o novo v\u00eddeo clipe da banda ga\u00facha <strong>RAGE IN MY EYES<\/strong>, para a m\u00fasica <strong><em>\u201cSpiral Seasons\u201d<\/em><\/strong>, presente no EP <strong><em>\u201cSpiral\u201d<\/em><\/strong>, lan\u00e7ado em 2021. As imagens do clipe foram retiradas das filmagens do show que a banda realizou em janeiro, no <strong>Teatro Bruno Kiefer<\/strong>, na <strong>Casa de Cultura M\u00e1rio Quintana<\/strong>, em Porto Alegre, e que ser\u00e1 lan\u00e7ado na \u00edntegra em formato DVD com o t\u00edtulo <strong><em>\u201cAnd Then Came The Theater\u201d. <\/em><\/strong>Al\u00e9m disso, a partir do dia 24 de junho o grupo ir\u00e1 lan\u00e7ar uma m\u00fasica do DVD <strong><em>\u201cAnd Then Came The Theater\u201d <\/em><\/strong>a cada 21 dias no canal do YouTube, iniciando com o v\u00eddeo de <strong><em>\u201cSurrounded By Black Mirrors\u201d<\/em><\/strong>, e a cada um desses lan\u00e7amentos os f\u00e3s ter\u00e3o a oportunidade de concorrer a ingressos, CDs, DVDs, camisetas, worskshows exclusivos e muito mais. Para manter a exclusividade da vers\u00e3o completa do DVD, s\u00f3 ter\u00e1 acesso ao conte\u00fado completo quem comprar sua edi\u00e7\u00e3o f\u00edsica. Estes lan\u00e7amentos far\u00e3o parte do projeto <strong><em>\u201cSpiral Experience\u201d<\/em><\/strong>, que ser\u00e1 divulgado detalhadamente em breve.<\/p>\n<p>O grupo tamb\u00e9m se prepara para os shows com o <strong>Angra <\/strong>neste m\u00eas de junho, quando tocar\u00e3o em Florian\u00f3polis (24\/06), Porto Alegre (25\/06) e Curitiba (26\/06).<strong> Jonathas Pozo<\/strong> (vocal), <strong>Magnus Wichmann<\/strong> (guitarra), <strong>Pedro Fauth<\/strong> (baixo) e <strong>Francis Cassol<\/strong> (bateria) acompanhar\u00e3o a banda paulista nesta que \u00e9 uma turn\u00ea comemorativa de 20 anos do cl\u00e1ssico <strong><em>\u201cRebirth\u201d<\/em><\/strong>.<strong><em>\u00a0<\/em><\/strong><\/p>\n<p><strong><em>Assista ao v\u00eddeo clipe de \u201cSpiral Seasons\u201d:<br \/>\n<\/em><\/strong><\/p>\n<p><iframe loading=\"lazy\" width=\"800\" height=\"450\" src=\"https:\/\/www.youtube.com\/embed\/zYhOEmLeOZk?feature=oembed\" frameborder=\"0\" allow=\"accelerometer; autoplay; clipboard-write; encrypted-media; gyroscope; picture-in-picture\" allowfullscreen title=\"RAGE IN MY EYES - Spiral Seasons (Official Video)\"><\/iframe><\/p>\n<p><strong><em>Ou\u00e7a o EP \u201cSpiral\u201d no Spotify:<br \/>\n<\/em><\/strong><\/p>\n<p><iframe style=\"border-radius: 12px\" width=\"100%\" height=\"380\" title=\"Spotify Embed: Spiral\" frameborder=\"0\" allowfullscreen allow=\"autoplay; clipboard-write; encrypted-media; fullscreen; picture-in-picture\" loading=\"lazy\" src=\"https:\/\/open.spotify.com\/embed\/album\/37P3QzOyzVCGsZr8VBdvJz?utm_source=oembed\"><\/iframe><\/p>\n<p><strong>Cr\u00e9ditos da foto: <\/strong>Victor Calderon<strong><em>\u00a0<\/em><\/strong><\/p>\n<p><strong>Contatos:<\/strong><\/p>\n<p><strong>Site: <\/strong><a href=\"http:\/\/www.rageinmyeyes.com\">www.rageinmyeyes.com<\/a><br \/>\n<strong>Bandcamp: <\/strong><a href=\"https:\/\/rageinmyeyes.bandcamp.com\">https:\/\/rageinmyeyes.bandcamp.com<\/a><br \/>\n<strong>YouTube:<\/strong> <a href=\"https:\/\/www.youtube.com\/rageinmyeyes\">https:\/\/www.youtube.com\/rageinmyeyes<\/a><br \/>\n<strong>Facebook: <\/strong><a href=\"http:\/\/www.facebook.com\/rageinmyeyes\">http:\/\/www.facebook.com\/rageinmyeyess<\/a><br \/>\n<strong>Instagram:<\/strong> <a href=\"http:\/\/www.instagram.com\/rageinmyeyes\">http:\/\/www.instagram.com\/rageinmyeyes<\/a><br \/>\n<strong>Assessoria de Imprensa:<\/strong> <a href=\"http:\/\/www.wargodspress.com.br\">www.wargodspress.com.br<\/a><\/p>\n<p><img loading=\"lazy\" decoding=\"async\" class=\"aligncenter size-medium wp-image-3662\" src=\"http:\/\/wargodspress.com.br\/wargods\/wp-content\/uploads\/2022\/02\/RIME-Angra-900x900.jpg\" alt=\"\" width=\"900\" height=\"900\" srcset=\"https:\/\/wargodspress.com.br\/wargods\/wp-content\/uploads\/2022\/02\/RIME-Angra-900x900.jpg 900w, https:\/\/wargodspress.com.br\/wargods\/wp-content\/uploads\/2022\/02\/RIME-Angra-600x600.jpg 600w, https:\/\/wargodspress.com.br\/wargods\/wp-content\/uploads\/2022\/02\/RIME-Angra-768x768.jpg 768w, https:\/\/wargodspress.com.br\/wargods\/wp-content\/uploads\/2022\/02\/RIME-Angra-1024x1024.jpg 1024w, https:\/\/wargodspress.com.br\/wargods\/wp-content\/uploads\/2022\/02\/RIME-Angra.jpg 1080w\" sizes=\"auto, (max-width: 900px) 100vw, 900px\" \/><\/p>\n","protected":false},"excerpt":{"rendered":"<p>Est\u00e1 no ar o novo v\u00eddeo clipe da banda ga\u00facha RAGE IN MY EYES, para a m\u00fasica \u201cSpiral Seasons\u201d, presente<\/p>\n","protected":false},"author":1,"featured_media":3663,"comment_status":"open","ping_status":"open","sticky":false,"template":"","format":"standard","meta":{"footnotes":""},"categories":[3,367],"tags":[638,248,640,149,639,22],"class_list":["post-3891","post","type-post","status-publish","format-standard","has-post-thumbnail","hentry","category-news","category-videos","tag-and-then-came-the-theater","tag-angra","tag-casa-de-cultura-mario-quintana","tag-rage-in-my-eyes","tag-teatro-bruno-kiefer","tag-wargods-press"],"yoast_head":"<!-- This site is optimized with the Yoast SEO plugin v19.7.1 - https:\/\/yoast.com\/wordpress\/plugins\/seo\/ -->\n<title>Rage In My Eyes: V\u00eddeo clipe de \u201cSpiral Seasons\u201d \u00e9 lan\u00e7ado com imagens in\u00e9ditas de DVD - WARGODS PRESS - 2006 - 2026<\/title>\n<meta name=\"robots\" content=\"index, follow, max-snippet:-1, max-image-preview:large, max-video-preview:-1\" \/>\n<link rel=\"canonical\" href=\"https:\/\/wargodspress.com.br\/wargods\/rage-in-my-eyes-video-clipe-de-spiral-seasons-e-lancado-com-imagens-ineditas-de-dvd\/\" \/>\n<meta property=\"og:locale\" content=\"pt_BR\" \/>\n<meta property=\"og:type\" content=\"article\" \/>\n<meta property=\"og:title\" content=\"Rage In My Eyes: V\u00eddeo clipe de \u201cSpiral Seasons\u201d \u00e9 lan\u00e7ado com imagens in\u00e9ditas de DVD - WARGODS PRESS - 2006 - 2026\" \/>\n<meta property=\"og:description\" content=\"Est\u00e1 no ar o novo v\u00eddeo clipe da banda ga\u00facha RAGE IN MY EYES, para a m\u00fasica \u201cSpiral Seasons\u201d, presente\" \/>\n<meta property=\"og:url\" content=\"https:\/\/wargodspress.com.br\/wargods\/rage-in-my-eyes-video-clipe-de-spiral-seasons-e-lancado-com-imagens-ineditas-de-dvd\/\" \/>\n<meta property=\"og:site_name\" content=\"WARGODS PRESS - 2006 - 2026\" \/>\n<meta property=\"article:publisher\" content=\"https:\/\/www.facebook.com\/wargodspress\" \/>\n<meta property=\"article:published_time\" content=\"2022-06-01T18:27:40+00:00\" \/>\n<meta property=\"og:image\" content=\"https:\/\/wargodspress.com.br\/wargods\/wp-content\/uploads\/2022\/02\/RIME-Press-Show.jpg\" \/>\n\t<meta property=\"og:image:width\" content=\"1080\" \/>\n\t<meta property=\"og:image:height\" content=\"720\" \/>\n\t<meta property=\"og:image:type\" content=\"image\/jpeg\" \/>\n<meta name=\"author\" content=\"WarGodsPress\" \/>\n<meta name=\"twitter:card\" content=\"summary_large_image\" \/>\n<meta name=\"twitter:creator\" content=\"@wargodspress\" \/>\n<meta name=\"twitter:site\" content=\"@wargodspress\" \/>\n<meta name=\"twitter:label1\" content=\"Escrito por\" \/>\n\t<meta name=\"twitter:data1\" content=\"WarGodsPress\" \/>\n\t<meta name=\"twitter:label2\" content=\"Est. tempo de leitura\" \/>\n\t<meta name=\"twitter:data2\" content=\"2 minutos\" \/>\n<script type=\"application\/ld+json\" class=\"yoast-schema-graph\">{\"@context\":\"https:\/\/schema.org\",\"@graph\":[{\"@type\":\"Article\",\"@id\":\"https:\/\/wargodspress.com.br\/wargods\/rage-in-my-eyes-video-clipe-de-spiral-seasons-e-lancado-com-imagens-ineditas-de-dvd\/#article\",\"isPartOf\":{\"@id\":\"https:\/\/wargodspress.com.br\/wargods\/rage-in-my-eyes-video-clipe-de-spiral-seasons-e-lancado-com-imagens-ineditas-de-dvd\/\"},\"author\":{\"name\":\"WarGodsPress\",\"@id\":\"http:\/\/wargodspress.com.br\/wargods\/#\/schema\/person\/57390b6095ac3486713a1a3b1421fad2\"},\"headline\":\"Rage In My Eyes: V\u00eddeo clipe de \u201cSpiral Seasons\u201d \u00e9 lan\u00e7ado com imagens in\u00e9ditas de DVD\",\"datePublished\":\"2022-06-01T18:27:40+00:00\",\"dateModified\":\"2022-06-01T18:27:40+00:00\",\"mainEntityOfPage\":{\"@id\":\"https:\/\/wargodspress.com.br\/wargods\/rage-in-my-eyes-video-clipe-de-spiral-seasons-e-lancado-com-imagens-ineditas-de-dvd\/\"},\"wordCount\":331,\"commentCount\":0,\"publisher\":{\"@id\":\"http:\/\/wargodspress.com.br\/wargods\/#organization\"},\"keywords\":[\"And Then Came The Theater\",\"angra\",\"Casa de Cultura M\u00e1rio Quintana\",\"Rage In My Eyes\",\"Teatro Bruno Kiefer\",\"Wargods Press\"],\"articleSection\":[\"News\",\"V\u00eddeos\"],\"inLanguage\":\"pt-BR\",\"potentialAction\":[{\"@type\":\"CommentAction\",\"name\":\"Comment\",\"target\":[\"https:\/\/wargodspress.com.br\/wargods\/rage-in-my-eyes-video-clipe-de-spiral-seasons-e-lancado-com-imagens-ineditas-de-dvd\/#respond\"]}]},{\"@type\":\"WebPage\",\"@id\":\"https:\/\/wargodspress.com.br\/wargods\/rage-in-my-eyes-video-clipe-de-spiral-seasons-e-lancado-com-imagens-ineditas-de-dvd\/\",\"url\":\"https:\/\/wargodspress.com.br\/wargods\/rage-in-my-eyes-video-clipe-de-spiral-seasons-e-lancado-com-imagens-ineditas-de-dvd\/\",\"name\":\"Rage In My Eyes: V\u00eddeo clipe de \u201cSpiral Seasons\u201d \u00e9 lan\u00e7ado com imagens in\u00e9ditas de DVD - WARGODS PRESS - 2006 - 2026\",\"isPartOf\":{\"@id\":\"http:\/\/wargodspress.com.br\/wargods\/#website\"},\"datePublished\":\"2022-06-01T18:27:40+00:00\",\"dateModified\":\"2022-06-01T18:27:40+00:00\",\"breadcrumb\":{\"@id\":\"https:\/\/wargodspress.com.br\/wargods\/rage-in-my-eyes-video-clipe-de-spiral-seasons-e-lancado-com-imagens-ineditas-de-dvd\/#breadcrumb\"},\"inLanguage\":\"pt-BR\",\"potentialAction\":[{\"@type\":\"ReadAction\",\"target\":[\"https:\/\/wargodspress.com.br\/wargods\/rage-in-my-eyes-video-clipe-de-spiral-seasons-e-lancado-com-imagens-ineditas-de-dvd\/\"]}]},{\"@type\":\"BreadcrumbList\",\"@id\":\"https:\/\/wargodspress.com.br\/wargods\/rage-in-my-eyes-video-clipe-de-spiral-seasons-e-lancado-com-imagens-ineditas-de-dvd\/#breadcrumb\",\"itemListElement\":[{\"@type\":\"ListItem\",\"position\":1,\"name\":\"In\u00edcio\",\"item\":\"http:\/\/wargodspress.com.br\/wargods\/\"},{\"@type\":\"ListItem\",\"position\":2,\"name\":\"Rage In My Eyes: V\u00eddeo clipe de \u201cSpiral Seasons\u201d \u00e9 lan\u00e7ado com imagens in\u00e9ditas de DVD\"}]},{\"@type\":\"WebSite\",\"@id\":\"http:\/\/wargodspress.com.br\/wargods\/#website\",\"url\":\"http:\/\/wargodspress.com.br\/wargods\/\",\"name\":\"WARGODS PRESS - 2006 - 2026\",\"description\":\"Assessoria e Conte\u00fados\",\"publisher\":{\"@id\":\"http:\/\/wargodspress.com.br\/wargods\/#organization\"},\"potentialAction\":[{\"@type\":\"SearchAction\",\"target\":{\"@type\":\"EntryPoint\",\"urlTemplate\":\"http:\/\/wargodspress.com.br\/wargods\/?s={search_term_string}\"},\"query-input\":\"required name=search_term_string\"}],\"inLanguage\":\"pt-BR\"},{\"@type\":\"Organization\",\"@id\":\"http:\/\/wargodspress.com.br\/wargods\/#organization\",\"name\":\"WARGODS PRESS - 2006 - 2026\",\"url\":\"http:\/\/wargodspress.com.br\/wargods\/\",\"sameAs\":[\"https:\/\/www.instagram.com\/wargodspress\/\",\"https:\/\/www.facebook.com\/wargodspress\",\"https:\/\/twitter.com\/wargodspress\"],\"logo\":{\"@type\":\"ImageObject\",\"inLanguage\":\"pt-BR\",\"@id\":\"http:\/\/wargodspress.com.br\/wargods\/#\/schema\/logo\/image\/\",\"url\":\"https:\/\/wargodspress.com.br\/wargods\/wp-content\/uploads\/2022\/09\/cropped-cropped-logo-novo-4-2.png\",\"contentUrl\":\"https:\/\/wargodspress.com.br\/wargods\/wp-content\/uploads\/2022\/09\/cropped-cropped-logo-novo-4-2.png\",\"width\":1719,\"height\":635,\"caption\":\"WARGODS PRESS - 2006 - 2026\"},\"image\":{\"@id\":\"http:\/\/wargodspress.com.br\/wargods\/#\/schema\/logo\/image\/\"}},{\"@type\":\"Person\",\"@id\":\"http:\/\/wargodspress.com.br\/wargods\/#\/schema\/person\/57390b6095ac3486713a1a3b1421fad2\",\"name\":\"WarGodsPress\",\"image\":{\"@type\":\"ImageObject\",\"inLanguage\":\"pt-BR\",\"@id\":\"http:\/\/wargodspress.com.br\/wargods\/#\/schema\/person\/image\/\",\"url\":\"https:\/\/secure.gravatar.com\/avatar\/2c926860538faceab6faaaec86b7ef70caa691c9added2d15bf6132c40252420?s=96&d=mm&r=g\",\"contentUrl\":\"https:\/\/secure.gravatar.com\/avatar\/2c926860538faceab6faaaec86b7ef70caa691c9added2d15bf6132c40252420?s=96&d=mm&r=g\",\"caption\":\"WarGodsPress\"},\"description\":\"Assessor de Imprensa com a Wargods Press, colaborador da revista Roadie Crew, co-autor do livro T\u00e1 no Sangue! e podcaster com o Metal Legacy.\",\"sameAs\":[\"http:\/\/www.wargodspress.com.br\"],\"url\":\"https:\/\/wargodspress.com.br\/wargods\/author\/wargodspress\/\"}]}<\/script>\n<!-- \/ Yoast SEO plugin. -->","yoast_head_json":{"title":"Rage In My Eyes: V\u00eddeo clipe de \u201cSpiral Seasons\u201d \u00e9 lan\u00e7ado com imagens in\u00e9ditas de DVD - WARGODS PRESS - 2006 - 2026","robots":{"index":"index","follow":"follow","max-snippet":"max-snippet:-1","max-image-preview":"max-image-preview:large","max-video-preview":"max-video-preview:-1"},"canonical":"https:\/\/wargodspress.com.br\/wargods\/rage-in-my-eyes-video-clipe-de-spiral-seasons-e-lancado-com-imagens-ineditas-de-dvd\/","og_locale":"pt_BR","og_type":"article","og_title":"Rage In My Eyes: V\u00eddeo clipe de \u201cSpiral Seasons\u201d \u00e9 lan\u00e7ado com imagens in\u00e9ditas de DVD - WARGODS PRESS - 2006 - 2026","og_description":"Est\u00e1 no ar o novo v\u00eddeo clipe da banda ga\u00facha RAGE IN MY EYES, para a m\u00fasica \u201cSpiral Seasons\u201d, presente","og_url":"https:\/\/wargodspress.com.br\/wargods\/rage-in-my-eyes-video-clipe-de-spiral-seasons-e-lancado-com-imagens-ineditas-de-dvd\/","og_site_name":"WARGODS PRESS - 2006 - 2026","article_publisher":"https:\/\/www.facebook.com\/wargodspress","article_published_time":"2022-06-01T18:27:40+00:00","og_image":[{"width":1080,"height":720,"url":"https:\/\/wargodspress.com.br\/wargods\/wp-content\/uploads\/2022\/02\/RIME-Press-Show.jpg","type":"image\/jpeg"}],"author":"WarGodsPress","twitter_card":"summary_large_image","twitter_creator":"@wargodspress","twitter_site":"@wargodspress","twitter_misc":{"Escrito por":"WarGodsPress","Est. tempo de leitura":"2 minutos"},"schema":{"@context":"https:\/\/schema.org","@graph":[{"@type":"Article","@id":"https:\/\/wargodspress.com.br\/wargods\/rage-in-my-eyes-video-clipe-de-spiral-seasons-e-lancado-com-imagens-ineditas-de-dvd\/#article","isPartOf":{"@id":"https:\/\/wargodspress.com.br\/wargods\/rage-in-my-eyes-video-clipe-de-spiral-seasons-e-lancado-com-imagens-ineditas-de-dvd\/"},"author":{"name":"WarGodsPress","@id":"http:\/\/wargodspress.com.br\/wargods\/#\/schema\/person\/57390b6095ac3486713a1a3b1421fad2"},"headline":"Rage In My Eyes: V\u00eddeo clipe de \u201cSpiral Seasons\u201d \u00e9 lan\u00e7ado com imagens in\u00e9ditas de DVD","datePublished":"2022-06-01T18:27:40+00:00","dateModified":"2022-06-01T18:27:40+00:00","mainEntityOfPage":{"@id":"https:\/\/wargodspress.com.br\/wargods\/rage-in-my-eyes-video-clipe-de-spiral-seasons-e-lancado-com-imagens-ineditas-de-dvd\/"},"wordCount":331,"commentCount":0,"publisher":{"@id":"http:\/\/wargodspress.com.br\/wargods\/#organization"},"keywords":["And Then Came The Theater","angra","Casa de Cultura M\u00e1rio Quintana","Rage In My Eyes","Teatro Bruno Kiefer","Wargods Press"],"articleSection":["News","V\u00eddeos"],"inLanguage":"pt-BR","potentialAction":[{"@type":"CommentAction","name":"Comment","target":["https:\/\/wargodspress.com.br\/wargods\/rage-in-my-eyes-video-clipe-de-spiral-seasons-e-lancado-com-imagens-ineditas-de-dvd\/#respond"]}]},{"@type":"WebPage","@id":"https:\/\/wargodspress.com.br\/wargods\/rage-in-my-eyes-video-clipe-de-spiral-seasons-e-lancado-com-imagens-ineditas-de-dvd\/","url":"https:\/\/wargodspress.com.br\/wargods\/rage-in-my-eyes-video-clipe-de-spiral-seasons-e-lancado-com-imagens-ineditas-de-dvd\/","name":"Rage In My Eyes: V\u00eddeo clipe de \u201cSpiral Seasons\u201d \u00e9 lan\u00e7ado com imagens in\u00e9ditas de DVD - WARGODS PRESS - 2006 - 2026","isPartOf":{"@id":"http:\/\/wargodspress.com.br\/wargods\/#website"},"datePublished":"2022-06-01T18:27:40+00:00","dateModified":"2022-06-01T18:27:40+00:00","breadcrumb":{"@id":"https:\/\/wargodspress.com.br\/wargods\/rage-in-my-eyes-video-clipe-de-spiral-seasons-e-lancado-com-imagens-ineditas-de-dvd\/#breadcrumb"},"inLanguage":"pt-BR","potentialAction":[{"@type":"ReadAction","target":["https:\/\/wargodspress.com.br\/wargods\/rage-in-my-eyes-video-clipe-de-spiral-seasons-e-lancado-com-imagens-ineditas-de-dvd\/"]}]},{"@type":"BreadcrumbList","@id":"https:\/\/wargodspress.com.br\/wargods\/rage-in-my-eyes-video-clipe-de-spiral-seasons-e-lancado-com-imagens-ineditas-de-dvd\/#breadcrumb","itemListElement":[{"@type":"ListItem","position":1,"name":"In\u00edcio","item":"http:\/\/wargodspress.com.br\/wargods\/"},{"@type":"ListItem","position":2,"name":"Rage In My Eyes: V\u00eddeo clipe de \u201cSpiral Seasons\u201d \u00e9 lan\u00e7ado com imagens in\u00e9ditas de DVD"}]},{"@type":"WebSite","@id":"http:\/\/wargodspress.com.br\/wargods\/#website","url":"http:\/\/wargodspress.com.br\/wargods\/","name":"WARGODS PRESS - 2006 - 2026","description":"Assessoria e Conte\u00fados","publisher":{"@id":"http:\/\/wargodspress.com.br\/wargods\/#organization"},"potentialAction":[{"@type":"SearchAction","target":{"@type":"EntryPoint","urlTemplate":"http:\/\/wargodspress.com.br\/wargods\/?s={search_term_string}"},"query-input":"required name=search_term_string"}],"inLanguage":"pt-BR"},{"@type":"Organization","@id":"http:\/\/wargodspress.com.br\/wargods\/#organization","name":"WARGODS PRESS - 2006 - 2026","url":"http:\/\/wargodspress.com.br\/wargods\/","sameAs":["https:\/\/www.instagram.com\/wargodspress\/","https:\/\/www.facebook.com\/wargodspress","https:\/\/twitter.com\/wargodspress"],"logo":{"@type":"ImageObject","inLanguage":"pt-BR","@id":"http:\/\/wargodspress.com.br\/wargods\/#\/schema\/logo\/image\/","url":"https:\/\/wargodspress.com.br\/wargods\/wp-content\/uploads\/2022\/09\/cropped-cropped-logo-novo-4-2.png","contentUrl":"https:\/\/wargodspress.com.br\/wargods\/wp-content\/uploads\/2022\/09\/cropped-cropped-logo-novo-4-2.png","width":1719,"height":635,"caption":"WARGODS PRESS - 2006 - 2026"},"image":{"@id":"http:\/\/wargodspress.com.br\/wargods\/#\/schema\/logo\/image\/"}},{"@type":"Person","@id":"http:\/\/wargodspress.com.br\/wargods\/#\/schema\/person\/57390b6095ac3486713a1a3b1421fad2","name":"WarGodsPress","image":{"@type":"ImageObject","inLanguage":"pt-BR","@id":"http:\/\/wargodspress.com.br\/wargods\/#\/schema\/person\/image\/","url":"https:\/\/secure.gravatar.com\/avatar\/2c926860538faceab6faaaec86b7ef70caa691c9added2d15bf6132c40252420?s=96&d=mm&r=g","contentUrl":"https:\/\/secure.gravatar.com\/avatar\/2c926860538faceab6faaaec86b7ef70caa691c9added2d15bf6132c40252420?s=96&d=mm&r=g","caption":"WarGodsPress"},"description":"Assessor de Imprensa com a Wargods Press, colaborador da revista Roadie Crew, co-autor do livro T\u00e1 no Sangue! e podcaster com o Metal Legacy.","sameAs":["http:\/\/www.wargodspress.com.br"],"url":"https:\/\/wargodspress.com.br\/wargods\/author\/wargodspress\/"}]}},"_links":{"self":[{"href":"https:\/\/wargodspress.com.br\/wargods\/wp-json\/wp\/v2\/posts\/3891","targetHints":{"allow":["GET"]}}],"collection":[{"href":"https:\/\/wargodspress.com.br\/wargods\/wp-json\/wp\/v2\/posts"}],"about":[{"href":"https:\/\/wargodspress.com.br\/wargods\/wp-json\/wp\/v2\/types\/post"}],"author":[{"embeddable":true,"href":"https:\/\/wargodspress.com.br\/wargods\/wp-json\/wp\/v2\/users\/1"}],"replies":[{"embeddable":true,"href":"https:\/\/wargodspress.com.br\/wargods\/wp-json\/wp\/v2\/comments?post=3891"}],"version-history":[{"count":1,"href":"https:\/\/wargodspress.com.br\/wargods\/wp-json\/wp\/v2\/posts\/3891\/revisions"}],"predecessor-version":[{"id":3892,"href":"https:\/\/wargodspress.com.br\/wargods\/wp-json\/wp\/v2\/posts\/3891\/revisions\/3892"}],"wp:featuredmedia":[{"embeddable":true,"href":"https:\/\/wargodspress.com.br\/wargods\/wp-json\/wp\/v2\/media\/3663"}],"wp:attachment":[{"href":"https:\/\/wargodspress.com.br\/wargods\/wp-json\/wp\/v2\/media?parent=3891"}],"wp:term":[{"taxonomy":"category","embeddable":true,"href":"https:\/\/wargodspress.com.br\/wargods\/wp-json\/wp\/v2\/categories?post=3891"},{"taxonomy":"post_tag","embeddable":true,"href":"https:\/\/wargodspress.com.br\/wargods\/wp-json\/wp\/v2\/tags?post=3891"}],"curies":[{"name":"wp","href":"https:\/\/api.w.org\/{rel}","templated":true}]}}