{"id":2360,"date":"2020-11-05T12:36:40","date_gmt":"2020-11-05T14:36:40","guid":{"rendered":"http:\/\/wargodspress.com.br\/wargods\/?p=2360"},"modified":"2020-11-05T14:58:18","modified_gmt":"2020-11-05T16:58:18","slug":"royal-rage-de-gengis-khan-as-midias-sociais-entrevistas-destacam-forte-conceito-lirico","status":"publish","type":"post","link":"https:\/\/wargodspress.com.br\/wargods\/royal-rage-de-gengis-khan-as-midias-sociais-entrevistas-destacam-forte-conceito-lirico\/","title":{"rendered":"Royal Rage: De Gengis Khan \u00e0s m\u00eddias sociais; entrevistas destacam forte conceito l\u00edrico\u00a0"},"content":{"rendered":"<p><img loading=\"lazy\" decoding=\"async\" class=\"aligncenter size-medium wp-image-2361\" src=\"http:\/\/wargodspress.com.br\/wargods\/wp-content\/uploads\/2020\/11\/Royal-Rage-Wargods-Press--900x449.jpg\" alt=\"\" width=\"900\" height=\"449\" srcset=\"https:\/\/wargodspress.com.br\/wargods\/wp-content\/uploads\/2020\/11\/Royal-Rage-Wargods-Press--900x449.jpg 900w, https:\/\/wargodspress.com.br\/wargods\/wp-content\/uploads\/2020\/11\/Royal-Rage-Wargods-Press--768x383.jpg 768w, https:\/\/wargodspress.com.br\/wargods\/wp-content\/uploads\/2020\/11\/Royal-Rage-Wargods-Press-.jpg 964w\" sizes=\"auto, (max-width: 900px) 100vw, 900px\" \/><\/p>\n<p>Os curitibanos do <strong>ROYAL RAGE <\/strong>foram destaque nos \u00faltimos dias em duas m\u00eddias brasileiras voltadas ao Heavy Metal, em a\u00e7\u00f5es de promo\u00e7\u00e3o de seu \u00faltimo lan\u00e7amento, o single e lyric video de <strong><em>\u201cEyes of Glass\u201d<\/em><\/strong>. O power trio, que \u00e9 formado por <strong>Pedro Ferreira<\/strong> (vocal\/guitarra), <strong>Airton Senna<\/strong> (baixo) e <strong>Tiago Rodrigues<\/strong> (bateria), tem recebido diversos elogios tanto sobre a m\u00fasica quanto pelo lyric video, e em entrevista para o site <strong>Rock Vibrations <\/strong>(<a href=\"https:\/\/bit.ly\/3jZ4aoS\">https:\/\/bit.ly\/3jZ4aoS<\/a>), o guitarrista e vocalista explicou um pouco mais sobre o conceito da composi\u00e7\u00e3o: <em>\u201cEyes Of Glass foi fruto de horas e mais horas de conversa com minha esposa sobre como a m\u00eddia social tem nos afetado. N\u00e3o digo isso de uma maneira espec\u00edfica, mas sim gen\u00e9rica. Muitos estudiosos da \u00e1rea da psicologia tem associado o aumento de casos de depress\u00e3o e ansiedade com o uso excessivo das redes sociais.\u00a0Somos ref\u00e9m de nossas falas, que s\u00e3o trazidas \u00e0 tona fora do contexto apenas para nos constranger. Sinto que estamos mesmo sendo vigiados constante pelas telas que temos sempre em m\u00e3os\u201d.<\/em><\/p>\n<p>Em entrevista publicada no canal do Youtube do site <strong>Headbangers News<\/strong>, onde participaram <strong>Pedro Ferreira <\/strong>e<strong> Airton Senna, <\/strong>foram abordados temas diversos, como o pr\u00f3prio surgimento da banda, problemas pessoais do guitarrista e vocalista, inspira\u00e7\u00f5es e planos para o futuro, que incluem o lan\u00e7amento de um novo \u00e1lbum, sucessor de <strong><em>\u201cConquer\u201d<\/em><\/strong>, lan\u00e7ado em 2018. No bate-papo realizado com <strong>J\u00e9ssica Mar, <\/strong>a dupla tamb\u00e9m comentou sobre o recente single <strong><em>\u201cKhan\u201d<\/em><\/strong> e toda a pesquisa sobre o tema, que aborda a hist\u00f3ria do imperador mongol Gengis Khan.<\/p>\n<p>A entrevista pode ser acessada aqui:<\/p>\n<p><iframe loading=\"lazy\" width=\"800\" height=\"450\" src=\"https:\/\/www.youtube.com\/embed\/XzsJ1sQKQgg?feature=oembed\" frameborder=\"0\" allow=\"accelerometer; autoplay; clipboard-write; encrypted-media; gyroscope; picture-in-picture\" allowfullscreen title=\"Royal Rage: \"N\u00e3o \u00e9 todo mundo que est\u00e1 disposto a levar um projeto musical com seriedade\"\"><\/iframe><\/p>\n<p><strong><em>Assista ao lyric video de \u201cEyes of Glass\u201d:<br \/>\n<\/em><\/strong><\/p>\n<p><iframe loading=\"lazy\" width=\"800\" height=\"450\" src=\"https:\/\/www.youtube.com\/embed\/wTpWvofR4Vg?feature=oembed\" frameborder=\"0\" allow=\"accelerometer; autoplay; clipboard-write; encrypted-media; gyroscope; picture-in-picture\" allowfullscreen title=\"ROYAL RAGE - Eyes Of Glass (Lyric Video)\"><\/iframe><\/p>\n<p><strong><em>Ou\u00e7a o single \u201cEyes of Glass\u201d no Spotify:<br \/>\n<\/em><\/strong><\/p>\n<p><iframe style=\"border-radius: 12px\" width=\"100%\" height=\"380\" title=\"Spotify Embed: Eyes of Glass\" frameborder=\"0\" allowfullscreen allow=\"autoplay; clipboard-write; encrypted-media; fullscreen; picture-in-picture\" loading=\"lazy\" src=\"https:\/\/open.spotify.com\/embed\/album\/6jjMdr2I5oVE5w5BA3PN5N?utm_source=oembed\"><\/iframe><\/p>\n<p><strong>Fotos:<\/strong> Divulga\u00e7\u00e3o<strong><em>\u00a0<\/em><\/strong><\/p>\n<p><strong>Contatos:<br \/>\n<\/strong><strong>Facebook: <\/strong><a href=\"http:\/\/www.facebook.com\/royalrageband\">www.facebook.com\/royalrageband<\/a><br \/>\n<strong>Instagram: <\/strong><a href=\"http:\/\/www.instagram.com\/royalrageofficial\">www.instagram.com\/royalrageofficial<\/a><br \/>\n<strong>Assessoria de Imprensa: <\/strong><a href=\"http:\/\/www.wargodspress.com.br\">www.wargodspress.com.br<\/a><\/p>\n<p><img loading=\"lazy\" decoding=\"async\" class=\"aligncenter size-full wp-image-1864\" src=\"http:\/\/wargodspress.com.br\/wargods\/wp-content\/uploads\/2020\/06\/Royal-Rage-Khan-Single.jpg\" alt=\"\" width=\"800\" height=\"800\" srcset=\"https:\/\/wargodspress.com.br\/wargods\/wp-content\/uploads\/2020\/06\/Royal-Rage-Khan-Single.jpg 800w, https:\/\/wargodspress.com.br\/wargods\/wp-content\/uploads\/2020\/06\/Royal-Rage-Khan-Single-600x600.jpg 600w, https:\/\/wargodspress.com.br\/wargods\/wp-content\/uploads\/2020\/06\/Royal-Rage-Khan-Single-768x768.jpg 768w\" sizes=\"auto, (max-width: 800px) 100vw, 800px\" \/><\/p>\n","protected":false},"excerpt":{"rendered":"<p>Os curitibanos do ROYAL RAGE foram destaque nos \u00faltimos dias em duas m\u00eddias brasileiras voltadas ao Heavy Metal, em a\u00e7\u00f5es<\/p>\n","protected":false},"author":1,"featured_media":2361,"comment_status":"open","ping_status":"open","sticky":false,"template":"","format":"standard","meta":{"footnotes":""},"categories":[3],"tags":[24,22],"class_list":["post-2360","post","type-post","status-publish","format-standard","has-post-thumbnail","hentry","category-news","tag-royal-rage","tag-wargods-press"],"yoast_head":"<!-- This site is optimized with the Yoast SEO plugin v19.7.1 - https:\/\/yoast.com\/wordpress\/plugins\/seo\/ -->\n<title>Royal Rage: De Gengis Khan \u00e0s m\u00eddias sociais; entrevistas destacam forte conceito l\u00edrico\u00a0 - WARGODS PRESS - 2006 - 2026<\/title>\n<meta name=\"robots\" content=\"index, follow, max-snippet:-1, max-image-preview:large, max-video-preview:-1\" \/>\n<link rel=\"canonical\" href=\"https:\/\/wargodspress.com.br\/wargods\/royal-rage-de-gengis-khan-as-midias-sociais-entrevistas-destacam-forte-conceito-lirico\/\" \/>\n<meta property=\"og:locale\" content=\"pt_BR\" \/>\n<meta property=\"og:type\" content=\"article\" \/>\n<meta property=\"og:title\" content=\"Royal Rage: De Gengis Khan \u00e0s m\u00eddias sociais; entrevistas destacam forte conceito l\u00edrico\u00a0 - WARGODS PRESS - 2006 - 2026\" \/>\n<meta property=\"og:description\" content=\"Os curitibanos do ROYAL RAGE foram destaque nos \u00faltimos dias em duas m\u00eddias brasileiras voltadas ao Heavy Metal, em a\u00e7\u00f5es\" \/>\n<meta property=\"og:url\" content=\"https:\/\/wargodspress.com.br\/wargods\/royal-rage-de-gengis-khan-as-midias-sociais-entrevistas-destacam-forte-conceito-lirico\/\" \/>\n<meta property=\"og:site_name\" content=\"WARGODS PRESS - 2006 - 2026\" \/>\n<meta property=\"article:publisher\" content=\"https:\/\/www.facebook.com\/wargodspress\" \/>\n<meta property=\"article:published_time\" content=\"2020-11-05T14:36:40+00:00\" \/>\n<meta property=\"article:modified_time\" content=\"2020-11-05T16:58:18+00:00\" \/>\n<meta property=\"og:image\" content=\"https:\/\/wargodspress.com.br\/wargods\/wp-content\/uploads\/2020\/11\/Royal-Rage-Wargods-Press-.jpg\" \/>\n\t<meta property=\"og:image:width\" content=\"964\" \/>\n\t<meta property=\"og:image:height\" content=\"481\" \/>\n\t<meta property=\"og:image:type\" content=\"image\/jpeg\" \/>\n<meta name=\"author\" content=\"WarGodsPress\" \/>\n<meta name=\"twitter:card\" content=\"summary_large_image\" \/>\n<meta name=\"twitter:creator\" content=\"@wargodspress\" \/>\n<meta name=\"twitter:site\" content=\"@wargodspress\" \/>\n<meta name=\"twitter:label1\" content=\"Escrito por\" \/>\n\t<meta name=\"twitter:data1\" content=\"WarGodsPress\" \/>\n\t<meta name=\"twitter:label2\" content=\"Est. tempo de leitura\" \/>\n\t<meta name=\"twitter:data2\" content=\"2 minutos\" \/>\n<script type=\"application\/ld+json\" class=\"yoast-schema-graph\">{\"@context\":\"https:\/\/schema.org\",\"@graph\":[{\"@type\":\"Article\",\"@id\":\"https:\/\/wargodspress.com.br\/wargods\/royal-rage-de-gengis-khan-as-midias-sociais-entrevistas-destacam-forte-conceito-lirico\/#article\",\"isPartOf\":{\"@id\":\"https:\/\/wargodspress.com.br\/wargods\/royal-rage-de-gengis-khan-as-midias-sociais-entrevistas-destacam-forte-conceito-lirico\/\"},\"author\":{\"name\":\"WarGodsPress\",\"@id\":\"http:\/\/wargodspress.com.br\/wargods\/#\/schema\/person\/57390b6095ac3486713a1a3b1421fad2\"},\"headline\":\"Royal Rage: De Gengis Khan \u00e0s m\u00eddias sociais; entrevistas destacam forte conceito l\u00edrico\u00a0\",\"datePublished\":\"2020-11-05T14:36:40+00:00\",\"dateModified\":\"2020-11-05T16:58:18+00:00\",\"mainEntityOfPage\":{\"@id\":\"https:\/\/wargodspress.com.br\/wargods\/royal-rage-de-gengis-khan-as-midias-sociais-entrevistas-destacam-forte-conceito-lirico\/\"},\"wordCount\":374,\"commentCount\":0,\"publisher\":{\"@id\":\"http:\/\/wargodspress.com.br\/wargods\/#organization\"},\"keywords\":[\"royal rage\",\"Wargods Press\"],\"articleSection\":[\"News\"],\"inLanguage\":\"pt-BR\",\"potentialAction\":[{\"@type\":\"CommentAction\",\"name\":\"Comment\",\"target\":[\"https:\/\/wargodspress.com.br\/wargods\/royal-rage-de-gengis-khan-as-midias-sociais-entrevistas-destacam-forte-conceito-lirico\/#respond\"]}]},{\"@type\":\"WebPage\",\"@id\":\"https:\/\/wargodspress.com.br\/wargods\/royal-rage-de-gengis-khan-as-midias-sociais-entrevistas-destacam-forte-conceito-lirico\/\",\"url\":\"https:\/\/wargodspress.com.br\/wargods\/royal-rage-de-gengis-khan-as-midias-sociais-entrevistas-destacam-forte-conceito-lirico\/\",\"name\":\"Royal Rage: De Gengis Khan \u00e0s m\u00eddias sociais; entrevistas destacam forte conceito l\u00edrico\u00a0 - WARGODS PRESS - 2006 - 2026\",\"isPartOf\":{\"@id\":\"http:\/\/wargodspress.com.br\/wargods\/#website\"},\"datePublished\":\"2020-11-05T14:36:40+00:00\",\"dateModified\":\"2020-11-05T16:58:18+00:00\",\"breadcrumb\":{\"@id\":\"https:\/\/wargodspress.com.br\/wargods\/royal-rage-de-gengis-khan-as-midias-sociais-entrevistas-destacam-forte-conceito-lirico\/#breadcrumb\"},\"inLanguage\":\"pt-BR\",\"potentialAction\":[{\"@type\":\"ReadAction\",\"target\":[\"https:\/\/wargodspress.com.br\/wargods\/royal-rage-de-gengis-khan-as-midias-sociais-entrevistas-destacam-forte-conceito-lirico\/\"]}]},{\"@type\":\"BreadcrumbList\",\"@id\":\"https:\/\/wargodspress.com.br\/wargods\/royal-rage-de-gengis-khan-as-midias-sociais-entrevistas-destacam-forte-conceito-lirico\/#breadcrumb\",\"itemListElement\":[{\"@type\":\"ListItem\",\"position\":1,\"name\":\"In\u00edcio\",\"item\":\"http:\/\/wargodspress.com.br\/wargods\/\"},{\"@type\":\"ListItem\",\"position\":2,\"name\":\"Royal Rage: De Gengis Khan \u00e0s m\u00eddias sociais; entrevistas destacam forte conceito l\u00edrico\u00a0\"}]},{\"@type\":\"WebSite\",\"@id\":\"http:\/\/wargodspress.com.br\/wargods\/#website\",\"url\":\"http:\/\/wargodspress.com.br\/wargods\/\",\"name\":\"WARGODS PRESS - 2006 - 2026\",\"description\":\"Assessoria e Conte\u00fados\",\"publisher\":{\"@id\":\"http:\/\/wargodspress.com.br\/wargods\/#organization\"},\"potentialAction\":[{\"@type\":\"SearchAction\",\"target\":{\"@type\":\"EntryPoint\",\"urlTemplate\":\"http:\/\/wargodspress.com.br\/wargods\/?s={search_term_string}\"},\"query-input\":\"required name=search_term_string\"}],\"inLanguage\":\"pt-BR\"},{\"@type\":\"Organization\",\"@id\":\"http:\/\/wargodspress.com.br\/wargods\/#organization\",\"name\":\"WARGODS PRESS - 2006 - 2026\",\"url\":\"http:\/\/wargodspress.com.br\/wargods\/\",\"sameAs\":[\"https:\/\/www.instagram.com\/wargodspress\/\",\"https:\/\/www.facebook.com\/wargodspress\",\"https:\/\/twitter.com\/wargodspress\"],\"logo\":{\"@type\":\"ImageObject\",\"inLanguage\":\"pt-BR\",\"@id\":\"http:\/\/wargodspress.com.br\/wargods\/#\/schema\/logo\/image\/\",\"url\":\"https:\/\/wargodspress.com.br\/wargods\/wp-content\/uploads\/2022\/09\/cropped-cropped-logo-novo-4-2.png\",\"contentUrl\":\"https:\/\/wargodspress.com.br\/wargods\/wp-content\/uploads\/2022\/09\/cropped-cropped-logo-novo-4-2.png\",\"width\":1719,\"height\":635,\"caption\":\"WARGODS PRESS - 2006 - 2026\"},\"image\":{\"@id\":\"http:\/\/wargodspress.com.br\/wargods\/#\/schema\/logo\/image\/\"}},{\"@type\":\"Person\",\"@id\":\"http:\/\/wargodspress.com.br\/wargods\/#\/schema\/person\/57390b6095ac3486713a1a3b1421fad2\",\"name\":\"WarGodsPress\",\"image\":{\"@type\":\"ImageObject\",\"inLanguage\":\"pt-BR\",\"@id\":\"http:\/\/wargodspress.com.br\/wargods\/#\/schema\/person\/image\/\",\"url\":\"https:\/\/secure.gravatar.com\/avatar\/2c926860538faceab6faaaec86b7ef70caa691c9added2d15bf6132c40252420?s=96&d=mm&r=g\",\"contentUrl\":\"https:\/\/secure.gravatar.com\/avatar\/2c926860538faceab6faaaec86b7ef70caa691c9added2d15bf6132c40252420?s=96&d=mm&r=g\",\"caption\":\"WarGodsPress\"},\"description\":\"Assessor de Imprensa com a Wargods Press, colaborador da revista Roadie Crew, co-autor do livro T\u00e1 no Sangue! e podcaster com o Metal Legacy.\",\"sameAs\":[\"http:\/\/www.wargodspress.com.br\"],\"url\":\"https:\/\/wargodspress.com.br\/wargods\/author\/wargodspress\/\"}]}<\/script>\n<!-- \/ Yoast SEO plugin. -->","yoast_head_json":{"title":"Royal Rage: De Gengis Khan \u00e0s m\u00eddias sociais; entrevistas destacam forte conceito l\u00edrico\u00a0 - WARGODS PRESS - 2006 - 2026","robots":{"index":"index","follow":"follow","max-snippet":"max-snippet:-1","max-image-preview":"max-image-preview:large","max-video-preview":"max-video-preview:-1"},"canonical":"https:\/\/wargodspress.com.br\/wargods\/royal-rage-de-gengis-khan-as-midias-sociais-entrevistas-destacam-forte-conceito-lirico\/","og_locale":"pt_BR","og_type":"article","og_title":"Royal Rage: De Gengis Khan \u00e0s m\u00eddias sociais; entrevistas destacam forte conceito l\u00edrico\u00a0 - WARGODS PRESS - 2006 - 2026","og_description":"Os curitibanos do ROYAL RAGE foram destaque nos \u00faltimos dias em duas m\u00eddias brasileiras voltadas ao Heavy Metal, em a\u00e7\u00f5es","og_url":"https:\/\/wargodspress.com.br\/wargods\/royal-rage-de-gengis-khan-as-midias-sociais-entrevistas-destacam-forte-conceito-lirico\/","og_site_name":"WARGODS PRESS - 2006 - 2026","article_publisher":"https:\/\/www.facebook.com\/wargodspress","article_published_time":"2020-11-05T14:36:40+00:00","article_modified_time":"2020-11-05T16:58:18+00:00","og_image":[{"width":964,"height":481,"url":"https:\/\/wargodspress.com.br\/wargods\/wp-content\/uploads\/2020\/11\/Royal-Rage-Wargods-Press-.jpg","type":"image\/jpeg"}],"author":"WarGodsPress","twitter_card":"summary_large_image","twitter_creator":"@wargodspress","twitter_site":"@wargodspress","twitter_misc":{"Escrito por":"WarGodsPress","Est. tempo de leitura":"2 minutos"},"schema":{"@context":"https:\/\/schema.org","@graph":[{"@type":"Article","@id":"https:\/\/wargodspress.com.br\/wargods\/royal-rage-de-gengis-khan-as-midias-sociais-entrevistas-destacam-forte-conceito-lirico\/#article","isPartOf":{"@id":"https:\/\/wargodspress.com.br\/wargods\/royal-rage-de-gengis-khan-as-midias-sociais-entrevistas-destacam-forte-conceito-lirico\/"},"author":{"name":"WarGodsPress","@id":"http:\/\/wargodspress.com.br\/wargods\/#\/schema\/person\/57390b6095ac3486713a1a3b1421fad2"},"headline":"Royal Rage: De Gengis Khan \u00e0s m\u00eddias sociais; entrevistas destacam forte conceito l\u00edrico\u00a0","datePublished":"2020-11-05T14:36:40+00:00","dateModified":"2020-11-05T16:58:18+00:00","mainEntityOfPage":{"@id":"https:\/\/wargodspress.com.br\/wargods\/royal-rage-de-gengis-khan-as-midias-sociais-entrevistas-destacam-forte-conceito-lirico\/"},"wordCount":374,"commentCount":0,"publisher":{"@id":"http:\/\/wargodspress.com.br\/wargods\/#organization"},"keywords":["royal rage","Wargods Press"],"articleSection":["News"],"inLanguage":"pt-BR","potentialAction":[{"@type":"CommentAction","name":"Comment","target":["https:\/\/wargodspress.com.br\/wargods\/royal-rage-de-gengis-khan-as-midias-sociais-entrevistas-destacam-forte-conceito-lirico\/#respond"]}]},{"@type":"WebPage","@id":"https:\/\/wargodspress.com.br\/wargods\/royal-rage-de-gengis-khan-as-midias-sociais-entrevistas-destacam-forte-conceito-lirico\/","url":"https:\/\/wargodspress.com.br\/wargods\/royal-rage-de-gengis-khan-as-midias-sociais-entrevistas-destacam-forte-conceito-lirico\/","name":"Royal Rage: De Gengis Khan \u00e0s m\u00eddias sociais; entrevistas destacam forte conceito l\u00edrico\u00a0 - WARGODS PRESS - 2006 - 2026","isPartOf":{"@id":"http:\/\/wargodspress.com.br\/wargods\/#website"},"datePublished":"2020-11-05T14:36:40+00:00","dateModified":"2020-11-05T16:58:18+00:00","breadcrumb":{"@id":"https:\/\/wargodspress.com.br\/wargods\/royal-rage-de-gengis-khan-as-midias-sociais-entrevistas-destacam-forte-conceito-lirico\/#breadcrumb"},"inLanguage":"pt-BR","potentialAction":[{"@type":"ReadAction","target":["https:\/\/wargodspress.com.br\/wargods\/royal-rage-de-gengis-khan-as-midias-sociais-entrevistas-destacam-forte-conceito-lirico\/"]}]},{"@type":"BreadcrumbList","@id":"https:\/\/wargodspress.com.br\/wargods\/royal-rage-de-gengis-khan-as-midias-sociais-entrevistas-destacam-forte-conceito-lirico\/#breadcrumb","itemListElement":[{"@type":"ListItem","position":1,"name":"In\u00edcio","item":"http:\/\/wargodspress.com.br\/wargods\/"},{"@type":"ListItem","position":2,"name":"Royal Rage: De Gengis Khan \u00e0s m\u00eddias sociais; entrevistas destacam forte conceito l\u00edrico\u00a0"}]},{"@type":"WebSite","@id":"http:\/\/wargodspress.com.br\/wargods\/#website","url":"http:\/\/wargodspress.com.br\/wargods\/","name":"WARGODS PRESS - 2006 - 2026","description":"Assessoria e Conte\u00fados","publisher":{"@id":"http:\/\/wargodspress.com.br\/wargods\/#organization"},"potentialAction":[{"@type":"SearchAction","target":{"@type":"EntryPoint","urlTemplate":"http:\/\/wargodspress.com.br\/wargods\/?s={search_term_string}"},"query-input":"required name=search_term_string"}],"inLanguage":"pt-BR"},{"@type":"Organization","@id":"http:\/\/wargodspress.com.br\/wargods\/#organization","name":"WARGODS PRESS - 2006 - 2026","url":"http:\/\/wargodspress.com.br\/wargods\/","sameAs":["https:\/\/www.instagram.com\/wargodspress\/","https:\/\/www.facebook.com\/wargodspress","https:\/\/twitter.com\/wargodspress"],"logo":{"@type":"ImageObject","inLanguage":"pt-BR","@id":"http:\/\/wargodspress.com.br\/wargods\/#\/schema\/logo\/image\/","url":"https:\/\/wargodspress.com.br\/wargods\/wp-content\/uploads\/2022\/09\/cropped-cropped-logo-novo-4-2.png","contentUrl":"https:\/\/wargodspress.com.br\/wargods\/wp-content\/uploads\/2022\/09\/cropped-cropped-logo-novo-4-2.png","width":1719,"height":635,"caption":"WARGODS PRESS - 2006 - 2026"},"image":{"@id":"http:\/\/wargodspress.com.br\/wargods\/#\/schema\/logo\/image\/"}},{"@type":"Person","@id":"http:\/\/wargodspress.com.br\/wargods\/#\/schema\/person\/57390b6095ac3486713a1a3b1421fad2","name":"WarGodsPress","image":{"@type":"ImageObject","inLanguage":"pt-BR","@id":"http:\/\/wargodspress.com.br\/wargods\/#\/schema\/person\/image\/","url":"https:\/\/secure.gravatar.com\/avatar\/2c926860538faceab6faaaec86b7ef70caa691c9added2d15bf6132c40252420?s=96&d=mm&r=g","contentUrl":"https:\/\/secure.gravatar.com\/avatar\/2c926860538faceab6faaaec86b7ef70caa691c9added2d15bf6132c40252420?s=96&d=mm&r=g","caption":"WarGodsPress"},"description":"Assessor de Imprensa com a Wargods Press, colaborador da revista Roadie Crew, co-autor do livro T\u00e1 no Sangue! e podcaster com o Metal Legacy.","sameAs":["http:\/\/www.wargodspress.com.br"],"url":"https:\/\/wargodspress.com.br\/wargods\/author\/wargodspress\/"}]}},"_links":{"self":[{"href":"https:\/\/wargodspress.com.br\/wargods\/wp-json\/wp\/v2\/posts\/2360","targetHints":{"allow":["GET"]}}],"collection":[{"href":"https:\/\/wargodspress.com.br\/wargods\/wp-json\/wp\/v2\/posts"}],"about":[{"href":"https:\/\/wargodspress.com.br\/wargods\/wp-json\/wp\/v2\/types\/post"}],"author":[{"embeddable":true,"href":"https:\/\/wargodspress.com.br\/wargods\/wp-json\/wp\/v2\/users\/1"}],"replies":[{"embeddable":true,"href":"https:\/\/wargodspress.com.br\/wargods\/wp-json\/wp\/v2\/comments?post=2360"}],"version-history":[{"count":3,"href":"https:\/\/wargodspress.com.br\/wargods\/wp-json\/wp\/v2\/posts\/2360\/revisions"}],"predecessor-version":[{"id":2364,"href":"https:\/\/wargodspress.com.br\/wargods\/wp-json\/wp\/v2\/posts\/2360\/revisions\/2364"}],"wp:featuredmedia":[{"embeddable":true,"href":"https:\/\/wargodspress.com.br\/wargods\/wp-json\/wp\/v2\/media\/2361"}],"wp:attachment":[{"href":"https:\/\/wargodspress.com.br\/wargods\/wp-json\/wp\/v2\/media?parent=2360"}],"wp:term":[{"taxonomy":"category","embeddable":true,"href":"https:\/\/wargodspress.com.br\/wargods\/wp-json\/wp\/v2\/categories?post=2360"},{"taxonomy":"post_tag","embeddable":true,"href":"https:\/\/wargodspress.com.br\/wargods\/wp-json\/wp\/v2\/tags?post=2360"}],"curies":[{"name":"wp","href":"https:\/\/api.w.org\/{rel}","templated":true}]}}