{"id":2358,"date":"2020-11-03T15:21:51","date_gmt":"2020-11-03T17:21:51","guid":{"rendered":"http:\/\/wargodspress.com.br\/wargods\/?p=2358"},"modified":"2020-11-03T15:21:51","modified_gmt":"2020-11-03T17:21:51","slug":"eloy-fritsch-tecladista-ganha-destaque-em-importantes-jornais-gauchos","status":"publish","type":"post","link":"https:\/\/wargodspress.com.br\/wargods\/eloy-fritsch-tecladista-ganha-destaque-em-importantes-jornais-gauchos\/","title":{"rendered":"Eloy Fritsch: Tecladista ganha destaque em importantes jornais ga\u00fachos"},"content":{"rendered":"<p><img loading=\"lazy\" decoding=\"async\" class=\"aligncenter size-medium wp-image-2291\" src=\"http:\/\/wargodspress.com.br\/wargods\/wp-content\/uploads\/2020\/10\/Eloy-Fritsch-2020-Moment-in-Paradise-Setup-Keyboards-foto-Ricardo-Fritsch-900x547.jpg\" alt=\"\" width=\"900\" height=\"547\" srcset=\"https:\/\/wargodspress.com.br\/wargods\/wp-content\/uploads\/2020\/10\/Eloy-Fritsch-2020-Moment-in-Paradise-Setup-Keyboards-foto-Ricardo-Fritsch-900x547.jpg 900w, https:\/\/wargodspress.com.br\/wargods\/wp-content\/uploads\/2020\/10\/Eloy-Fritsch-2020-Moment-in-Paradise-Setup-Keyboards-foto-Ricardo-Fritsch-768x466.jpg 768w, https:\/\/wargodspress.com.br\/wargods\/wp-content\/uploads\/2020\/10\/Eloy-Fritsch-2020-Moment-in-Paradise-Setup-Keyboards-foto-Ricardo-Fritsch-1024x622.jpg 1024w\" sizes=\"auto, (max-width: 900px) 100vw, 900px\" \/><\/p>\n<p>Com 37 anos de estrada, o tecladista ga\u00facho <strong>ELOY FRITSCH <\/strong>est\u00e1 lan\u00e7ado seu 14\u00ba \u00e1lbum solo, intitulado <strong><em>\u201cMoment in Paradise\u201d<\/em><\/strong>. Dispon\u00edvel apenas em formato virtual, o trabalho mais uma vez mostra todo o talento e inspira\u00e7\u00e3o do m\u00fasico, que tamb\u00e9m \u00e9 um dos fundadores da banda <strong>Apocalypse, <\/strong>um dos baluartes do Rock Progressivo brasileiro. Composto, gravado e produzido inteiramente neste per\u00edodo de pandemia, o \u00e1lbum cont\u00e9m doze faixas que transitam entre diversos estilos, indo do sinf\u00f4nico ao fusion. O tecladista tem concedido entrevistas e tem recebido resenhas extremamente positivas, destacando uma entrevista para a revista digital <strong>Teclas e Afins<\/strong>, que pode ser acessada no seguinte link: <a href=\"http:\/\/www.teclaseafins.com.br\/revista-digital\">http:\/\/www.teclaseafins.com.br\/revista-digital<\/a> (\u00e9 necess\u00e1rio criar um login de usu\u00e1rio e comprar a revista em formato PDF).<\/p>\n<p>A imprensa ga\u00facha tem destacado <strong><em>\u201cMoment in Paradise\u201d<\/em><\/strong> atrav\u00e9s de mat\u00e9rias com <strong>ELOY FRITSCH.<\/strong> Em mat\u00e9ria publicada no jornal <strong>Correio do Povo<\/strong> (<a href=\"https:\/\/bit.ly\/3oVdFcv\">https:\/\/bit.ly\/3oVdFcv<\/a>), a trajet\u00f3ria do m\u00fasico \u00e9 relembrada: <em>\u201cEloy nasceu em 1968. Iniciou sua carreira musical em 1983 quando criou com o irm\u00e3o Ruy Fritsch e amigos de escola, o grupo de rock progressivo Apocalypse. Com a banda, Fritsch recebeu o pr\u00eamio de melhor instrumentista em 1989 no FestPop. O Apocalypse lan\u00e7ou 15 \u00e1lbuns entre CDs e DVDs incluindo \u00e1lbum ao vivo nos EUA. Ele desenvolve projeto de composi\u00e7\u00e3o em est\u00fadio desde 1993 com sintetizadores, computadores e teclados eletr\u00f4nicos. \u00c9 professor titular no Instituto de Artes da UFRGS lecionando as disciplinas de Trilhas Sonoras, Computa\u00e7\u00e3o Musical e M\u00fasica Eletroac\u00fastica\u201d.<\/em><\/p>\n<p>Em entrevista publicada para o jornal <strong>O Pioneiro <\/strong>(<a href=\"https:\/\/bit.ly\/34T2Mjt\">https:\/\/bit.ly\/34T2Mjt<\/a>), o tecladista explicou um pouco sobre seu amor pela m\u00fasica e o poder que ela representa, sobretudo em momentos dif\u00edceis: <em>\u201cAcho que a m\u00fasica \u00e9 um para\u00edso n\u00e3o s\u00f3 para mim, estamos num momento no qual ela serve de ref\u00fagio para v\u00e1rias pessoas. Este disco foi uma maneira de eu me refugiar tamb\u00e9m no ato de cria\u00e7\u00e3o, de maneira que eu pudesse exteriorizar coisas que eu estava sentindo, ou coisas das quais eu estava tentando fugir desta realidade bem dura que est\u00e1 acontecendo\u201d. <\/em><\/p>\n<p><strong><em>Ou\u00e7a o \u00e1lbum no Youtube:<br \/>\n<\/em><\/strong><\/p>\n<p><iframe loading=\"lazy\" width=\"800\" height=\"600\" src=\"https:\/\/www.youtube.com\/embed\/Rz_4HZE3RTY?feature=oembed\" frameborder=\"0\" allow=\"accelerometer; autoplay; clipboard-write; encrypted-media; gyroscope; picture-in-picture\" allowfullscreen title=\"High Places, Pt. 2\"><\/iframe><\/p>\n<p><strong><em>Ou\u00e7a o \u00e1lbum no Spotify:<br \/>\n<\/em><\/strong><\/p>\n<p><iframe style=\"border-radius: 12px\" width=\"100%\" height=\"380\" title=\"Spotify Embed: Moment in Paradise\" frameborder=\"0\" allowfullscreen allow=\"autoplay; clipboard-write; encrypted-media; fullscreen; picture-in-picture\" loading=\"lazy\" src=\"https:\/\/open.spotify.com\/embed\/album\/12n6RN1JhVTyBcGaRpgCQq?utm_source=oembed\"><\/iframe><\/p>\n<p><strong>Cr\u00e9ditos da foto: Ricardo Fritsch<\/strong><\/p>\n<p><strong>Contatos:<br \/>\n<\/strong><strong>Site:<\/strong> <a href=\"http:\/\/www.ef.mus.br\">www.ef.mus.br<\/a><br \/>\n<strong>Youtube: <\/strong><a href=\"https:\/\/www.youtube.com\/user\/effsynth\">https:\/\/www.youtube.com\/user\/effsynth<\/a><br \/>\n<strong>Facebook: <\/strong><a href=\"https:\/\/www.facebook.com\/eloy.fritsch\">https:\/\/www.facebook.com\/eloy.fritsch<\/a><br \/>\n<strong>Assessoria de Imprensa:<\/strong> <a href=\"http:\/\/www.wargodspress.com.br\">www.wargodspress.com.br<\/a><\/p>\n<p><img loading=\"lazy\" decoding=\"async\" class=\"aligncenter size-medium wp-image-2292\" src=\"http:\/\/wargodspress.com.br\/wargods\/wp-content\/uploads\/2020\/10\/Eloy-Moment-in-Paradise-Capa-CD-900x900.jpg\" alt=\"\" width=\"900\" height=\"900\" srcset=\"https:\/\/wargodspress.com.br\/wargods\/wp-content\/uploads\/2020\/10\/Eloy-Moment-in-Paradise-Capa-CD-900x900.jpg 900w, https:\/\/wargodspress.com.br\/wargods\/wp-content\/uploads\/2020\/10\/Eloy-Moment-in-Paradise-Capa-CD-600x600.jpg 600w, https:\/\/wargodspress.com.br\/wargods\/wp-content\/uploads\/2020\/10\/Eloy-Moment-in-Paradise-Capa-CD-768x768.jpg 768w, https:\/\/wargodspress.com.br\/wargods\/wp-content\/uploads\/2020\/10\/Eloy-Moment-in-Paradise-Capa-CD.jpg 1000w\" sizes=\"auto, (max-width: 900px) 100vw, 900px\" \/><\/p>\n","protected":false},"excerpt":{"rendered":"<p>Com 37 anos de estrada, o tecladista ga\u00facho ELOY FRITSCH est\u00e1 lan\u00e7ado seu 14\u00ba \u00e1lbum solo, intitulado \u201cMoment in Paradise\u201d.<\/p>\n","protected":false},"author":1,"featured_media":2291,"comment_status":"open","ping_status":"open","sticky":false,"template":"","format":"standard","meta":{"footnotes":""},"categories":[3,168],"tags":[50,334,22],"class_list":["post-2358","post","type-post","status-publish","format-standard","has-post-thumbnail","hentry","category-news","category-plataformas-digitais","tag-apocalypse","tag-eloy-fritsch","tag-wargods-press"],"yoast_head":"<!-- This site is optimized with the Yoast SEO plugin v19.7.1 - https:\/\/yoast.com\/wordpress\/plugins\/seo\/ -->\n<title>Eloy Fritsch: Tecladista ganha destaque em importantes jornais ga\u00fachos - WARGODS PRESS - 2006 - 2026<\/title>\n<meta name=\"robots\" content=\"index, follow, max-snippet:-1, max-image-preview:large, max-video-preview:-1\" \/>\n<link rel=\"canonical\" href=\"https:\/\/wargodspress.com.br\/wargods\/eloy-fritsch-tecladista-ganha-destaque-em-importantes-jornais-gauchos\/\" \/>\n<meta property=\"og:locale\" content=\"pt_BR\" \/>\n<meta property=\"og:type\" content=\"article\" \/>\n<meta property=\"og:title\" content=\"Eloy Fritsch: Tecladista ganha destaque em importantes jornais ga\u00fachos - WARGODS PRESS - 2006 - 2026\" \/>\n<meta property=\"og:description\" content=\"Com 37 anos de estrada, o tecladista ga\u00facho ELOY FRITSCH est\u00e1 lan\u00e7ado seu 14\u00ba \u00e1lbum solo, intitulado \u201cMoment in Paradise\u201d.\" \/>\n<meta property=\"og:url\" content=\"https:\/\/wargodspress.com.br\/wargods\/eloy-fritsch-tecladista-ganha-destaque-em-importantes-jornais-gauchos\/\" \/>\n<meta property=\"og:site_name\" content=\"WARGODS PRESS - 2006 - 2026\" \/>\n<meta property=\"article:publisher\" content=\"https:\/\/www.facebook.com\/wargodspress\" \/>\n<meta property=\"article:published_time\" content=\"2020-11-03T17:21:51+00:00\" \/>\n<meta property=\"og:image\" content=\"https:\/\/wargodspress.com.br\/wargods\/wp-content\/uploads\/2020\/10\/Eloy-Fritsch-2020-Moment-in-Paradise-Setup-Keyboards-foto-Ricardo-Fritsch.jpg\" \/>\n\t<meta property=\"og:image:width\" content=\"4624\" \/>\n\t<meta property=\"og:image:height\" content=\"2808\" \/>\n\t<meta property=\"og:image:type\" content=\"image\/jpeg\" \/>\n<meta name=\"author\" content=\"WarGodsPress\" \/>\n<meta name=\"twitter:card\" content=\"summary_large_image\" \/>\n<meta name=\"twitter:creator\" content=\"@wargodspress\" \/>\n<meta name=\"twitter:site\" content=\"@wargodspress\" \/>\n<meta name=\"twitter:label1\" content=\"Escrito por\" \/>\n\t<meta name=\"twitter:data1\" content=\"WarGodsPress\" \/>\n\t<meta name=\"twitter:label2\" content=\"Est. tempo de leitura\" \/>\n\t<meta name=\"twitter:data2\" content=\"2 minutos\" \/>\n<script type=\"application\/ld+json\" class=\"yoast-schema-graph\">{\"@context\":\"https:\/\/schema.org\",\"@graph\":[{\"@type\":\"Article\",\"@id\":\"https:\/\/wargodspress.com.br\/wargods\/eloy-fritsch-tecladista-ganha-destaque-em-importantes-jornais-gauchos\/#article\",\"isPartOf\":{\"@id\":\"https:\/\/wargodspress.com.br\/wargods\/eloy-fritsch-tecladista-ganha-destaque-em-importantes-jornais-gauchos\/\"},\"author\":{\"name\":\"WarGodsPress\",\"@id\":\"http:\/\/wargodspress.com.br\/wargods\/#\/schema\/person\/57390b6095ac3486713a1a3b1421fad2\"},\"headline\":\"Eloy Fritsch: Tecladista ganha destaque em importantes jornais ga\u00fachos\",\"datePublished\":\"2020-11-03T17:21:51+00:00\",\"dateModified\":\"2020-11-03T17:21:51+00:00\",\"mainEntityOfPage\":{\"@id\":\"https:\/\/wargodspress.com.br\/wargods\/eloy-fritsch-tecladista-ganha-destaque-em-importantes-jornais-gauchos\/\"},\"wordCount\":444,\"commentCount\":0,\"publisher\":{\"@id\":\"http:\/\/wargodspress.com.br\/wargods\/#organization\"},\"keywords\":[\"Apocalypse\",\"Eloy Fritsch\",\"Wargods Press\"],\"articleSection\":[\"News\",\"Plataformas Digitais\"],\"inLanguage\":\"pt-BR\",\"potentialAction\":[{\"@type\":\"CommentAction\",\"name\":\"Comment\",\"target\":[\"https:\/\/wargodspress.com.br\/wargods\/eloy-fritsch-tecladista-ganha-destaque-em-importantes-jornais-gauchos\/#respond\"]}]},{\"@type\":\"WebPage\",\"@id\":\"https:\/\/wargodspress.com.br\/wargods\/eloy-fritsch-tecladista-ganha-destaque-em-importantes-jornais-gauchos\/\",\"url\":\"https:\/\/wargodspress.com.br\/wargods\/eloy-fritsch-tecladista-ganha-destaque-em-importantes-jornais-gauchos\/\",\"name\":\"Eloy Fritsch: Tecladista ganha destaque em importantes jornais ga\u00fachos - WARGODS PRESS - 2006 - 2026\",\"isPartOf\":{\"@id\":\"http:\/\/wargodspress.com.br\/wargods\/#website\"},\"datePublished\":\"2020-11-03T17:21:51+00:00\",\"dateModified\":\"2020-11-03T17:21:51+00:00\",\"breadcrumb\":{\"@id\":\"https:\/\/wargodspress.com.br\/wargods\/eloy-fritsch-tecladista-ganha-destaque-em-importantes-jornais-gauchos\/#breadcrumb\"},\"inLanguage\":\"pt-BR\",\"potentialAction\":[{\"@type\":\"ReadAction\",\"target\":[\"https:\/\/wargodspress.com.br\/wargods\/eloy-fritsch-tecladista-ganha-destaque-em-importantes-jornais-gauchos\/\"]}]},{\"@type\":\"BreadcrumbList\",\"@id\":\"https:\/\/wargodspress.com.br\/wargods\/eloy-fritsch-tecladista-ganha-destaque-em-importantes-jornais-gauchos\/#breadcrumb\",\"itemListElement\":[{\"@type\":\"ListItem\",\"position\":1,\"name\":\"In\u00edcio\",\"item\":\"http:\/\/wargodspress.com.br\/wargods\/\"},{\"@type\":\"ListItem\",\"position\":2,\"name\":\"Eloy Fritsch: Tecladista ganha destaque em importantes jornais ga\u00fachos\"}]},{\"@type\":\"WebSite\",\"@id\":\"http:\/\/wargodspress.com.br\/wargods\/#website\",\"url\":\"http:\/\/wargodspress.com.br\/wargods\/\",\"name\":\"WARGODS PRESS - 2006 - 2026\",\"description\":\"Assessoria e Conte\u00fados\",\"publisher\":{\"@id\":\"http:\/\/wargodspress.com.br\/wargods\/#organization\"},\"potentialAction\":[{\"@type\":\"SearchAction\",\"target\":{\"@type\":\"EntryPoint\",\"urlTemplate\":\"http:\/\/wargodspress.com.br\/wargods\/?s={search_term_string}\"},\"query-input\":\"required name=search_term_string\"}],\"inLanguage\":\"pt-BR\"},{\"@type\":\"Organization\",\"@id\":\"http:\/\/wargodspress.com.br\/wargods\/#organization\",\"name\":\"WARGODS PRESS - 2006 - 2026\",\"url\":\"http:\/\/wargodspress.com.br\/wargods\/\",\"sameAs\":[\"https:\/\/www.instagram.com\/wargodspress\/\",\"https:\/\/www.facebook.com\/wargodspress\",\"https:\/\/twitter.com\/wargodspress\"],\"logo\":{\"@type\":\"ImageObject\",\"inLanguage\":\"pt-BR\",\"@id\":\"http:\/\/wargodspress.com.br\/wargods\/#\/schema\/logo\/image\/\",\"url\":\"https:\/\/wargodspress.com.br\/wargods\/wp-content\/uploads\/2022\/09\/cropped-cropped-logo-novo-4-2.png\",\"contentUrl\":\"https:\/\/wargodspress.com.br\/wargods\/wp-content\/uploads\/2022\/09\/cropped-cropped-logo-novo-4-2.png\",\"width\":1719,\"height\":635,\"caption\":\"WARGODS PRESS - 2006 - 2026\"},\"image\":{\"@id\":\"http:\/\/wargodspress.com.br\/wargods\/#\/schema\/logo\/image\/\"}},{\"@type\":\"Person\",\"@id\":\"http:\/\/wargodspress.com.br\/wargods\/#\/schema\/person\/57390b6095ac3486713a1a3b1421fad2\",\"name\":\"WarGodsPress\",\"image\":{\"@type\":\"ImageObject\",\"inLanguage\":\"pt-BR\",\"@id\":\"http:\/\/wargodspress.com.br\/wargods\/#\/schema\/person\/image\/\",\"url\":\"https:\/\/secure.gravatar.com\/avatar\/2c926860538faceab6faaaec86b7ef70caa691c9added2d15bf6132c40252420?s=96&d=mm&r=g\",\"contentUrl\":\"https:\/\/secure.gravatar.com\/avatar\/2c926860538faceab6faaaec86b7ef70caa691c9added2d15bf6132c40252420?s=96&d=mm&r=g\",\"caption\":\"WarGodsPress\"},\"description\":\"Assessor de Imprensa com a Wargods Press, colaborador da revista Roadie Crew, co-autor do livro T\u00e1 no Sangue! e podcaster com o Metal Legacy.\",\"sameAs\":[\"http:\/\/www.wargodspress.com.br\"],\"url\":\"https:\/\/wargodspress.com.br\/wargods\/author\/wargodspress\/\"}]}<\/script>\n<!-- \/ Yoast SEO plugin. -->","yoast_head_json":{"title":"Eloy Fritsch: Tecladista ganha destaque em importantes jornais ga\u00fachos - WARGODS PRESS - 2006 - 2026","robots":{"index":"index","follow":"follow","max-snippet":"max-snippet:-1","max-image-preview":"max-image-preview:large","max-video-preview":"max-video-preview:-1"},"canonical":"https:\/\/wargodspress.com.br\/wargods\/eloy-fritsch-tecladista-ganha-destaque-em-importantes-jornais-gauchos\/","og_locale":"pt_BR","og_type":"article","og_title":"Eloy Fritsch: Tecladista ganha destaque em importantes jornais ga\u00fachos - WARGODS PRESS - 2006 - 2026","og_description":"Com 37 anos de estrada, o tecladista ga\u00facho ELOY FRITSCH est\u00e1 lan\u00e7ado seu 14\u00ba \u00e1lbum solo, intitulado \u201cMoment in Paradise\u201d.","og_url":"https:\/\/wargodspress.com.br\/wargods\/eloy-fritsch-tecladista-ganha-destaque-em-importantes-jornais-gauchos\/","og_site_name":"WARGODS PRESS - 2006 - 2026","article_publisher":"https:\/\/www.facebook.com\/wargodspress","article_published_time":"2020-11-03T17:21:51+00:00","og_image":[{"width":4624,"height":2808,"url":"https:\/\/wargodspress.com.br\/wargods\/wp-content\/uploads\/2020\/10\/Eloy-Fritsch-2020-Moment-in-Paradise-Setup-Keyboards-foto-Ricardo-Fritsch.jpg","type":"image\/jpeg"}],"author":"WarGodsPress","twitter_card":"summary_large_image","twitter_creator":"@wargodspress","twitter_site":"@wargodspress","twitter_misc":{"Escrito por":"WarGodsPress","Est. tempo de leitura":"2 minutos"},"schema":{"@context":"https:\/\/schema.org","@graph":[{"@type":"Article","@id":"https:\/\/wargodspress.com.br\/wargods\/eloy-fritsch-tecladista-ganha-destaque-em-importantes-jornais-gauchos\/#article","isPartOf":{"@id":"https:\/\/wargodspress.com.br\/wargods\/eloy-fritsch-tecladista-ganha-destaque-em-importantes-jornais-gauchos\/"},"author":{"name":"WarGodsPress","@id":"http:\/\/wargodspress.com.br\/wargods\/#\/schema\/person\/57390b6095ac3486713a1a3b1421fad2"},"headline":"Eloy Fritsch: Tecladista ganha destaque em importantes jornais ga\u00fachos","datePublished":"2020-11-03T17:21:51+00:00","dateModified":"2020-11-03T17:21:51+00:00","mainEntityOfPage":{"@id":"https:\/\/wargodspress.com.br\/wargods\/eloy-fritsch-tecladista-ganha-destaque-em-importantes-jornais-gauchos\/"},"wordCount":444,"commentCount":0,"publisher":{"@id":"http:\/\/wargodspress.com.br\/wargods\/#organization"},"keywords":["Apocalypse","Eloy Fritsch","Wargods Press"],"articleSection":["News","Plataformas Digitais"],"inLanguage":"pt-BR","potentialAction":[{"@type":"CommentAction","name":"Comment","target":["https:\/\/wargodspress.com.br\/wargods\/eloy-fritsch-tecladista-ganha-destaque-em-importantes-jornais-gauchos\/#respond"]}]},{"@type":"WebPage","@id":"https:\/\/wargodspress.com.br\/wargods\/eloy-fritsch-tecladista-ganha-destaque-em-importantes-jornais-gauchos\/","url":"https:\/\/wargodspress.com.br\/wargods\/eloy-fritsch-tecladista-ganha-destaque-em-importantes-jornais-gauchos\/","name":"Eloy Fritsch: Tecladista ganha destaque em importantes jornais ga\u00fachos - WARGODS PRESS - 2006 - 2026","isPartOf":{"@id":"http:\/\/wargodspress.com.br\/wargods\/#website"},"datePublished":"2020-11-03T17:21:51+00:00","dateModified":"2020-11-03T17:21:51+00:00","breadcrumb":{"@id":"https:\/\/wargodspress.com.br\/wargods\/eloy-fritsch-tecladista-ganha-destaque-em-importantes-jornais-gauchos\/#breadcrumb"},"inLanguage":"pt-BR","potentialAction":[{"@type":"ReadAction","target":["https:\/\/wargodspress.com.br\/wargods\/eloy-fritsch-tecladista-ganha-destaque-em-importantes-jornais-gauchos\/"]}]},{"@type":"BreadcrumbList","@id":"https:\/\/wargodspress.com.br\/wargods\/eloy-fritsch-tecladista-ganha-destaque-em-importantes-jornais-gauchos\/#breadcrumb","itemListElement":[{"@type":"ListItem","position":1,"name":"In\u00edcio","item":"http:\/\/wargodspress.com.br\/wargods\/"},{"@type":"ListItem","position":2,"name":"Eloy Fritsch: Tecladista ganha destaque em importantes jornais ga\u00fachos"}]},{"@type":"WebSite","@id":"http:\/\/wargodspress.com.br\/wargods\/#website","url":"http:\/\/wargodspress.com.br\/wargods\/","name":"WARGODS PRESS - 2006 - 2026","description":"Assessoria e Conte\u00fados","publisher":{"@id":"http:\/\/wargodspress.com.br\/wargods\/#organization"},"potentialAction":[{"@type":"SearchAction","target":{"@type":"EntryPoint","urlTemplate":"http:\/\/wargodspress.com.br\/wargods\/?s={search_term_string}"},"query-input":"required name=search_term_string"}],"inLanguage":"pt-BR"},{"@type":"Organization","@id":"http:\/\/wargodspress.com.br\/wargods\/#organization","name":"WARGODS PRESS - 2006 - 2026","url":"http:\/\/wargodspress.com.br\/wargods\/","sameAs":["https:\/\/www.instagram.com\/wargodspress\/","https:\/\/www.facebook.com\/wargodspress","https:\/\/twitter.com\/wargodspress"],"logo":{"@type":"ImageObject","inLanguage":"pt-BR","@id":"http:\/\/wargodspress.com.br\/wargods\/#\/schema\/logo\/image\/","url":"https:\/\/wargodspress.com.br\/wargods\/wp-content\/uploads\/2022\/09\/cropped-cropped-logo-novo-4-2.png","contentUrl":"https:\/\/wargodspress.com.br\/wargods\/wp-content\/uploads\/2022\/09\/cropped-cropped-logo-novo-4-2.png","width":1719,"height":635,"caption":"WARGODS PRESS - 2006 - 2026"},"image":{"@id":"http:\/\/wargodspress.com.br\/wargods\/#\/schema\/logo\/image\/"}},{"@type":"Person","@id":"http:\/\/wargodspress.com.br\/wargods\/#\/schema\/person\/57390b6095ac3486713a1a3b1421fad2","name":"WarGodsPress","image":{"@type":"ImageObject","inLanguage":"pt-BR","@id":"http:\/\/wargodspress.com.br\/wargods\/#\/schema\/person\/image\/","url":"https:\/\/secure.gravatar.com\/avatar\/2c926860538faceab6faaaec86b7ef70caa691c9added2d15bf6132c40252420?s=96&d=mm&r=g","contentUrl":"https:\/\/secure.gravatar.com\/avatar\/2c926860538faceab6faaaec86b7ef70caa691c9added2d15bf6132c40252420?s=96&d=mm&r=g","caption":"WarGodsPress"},"description":"Assessor de Imprensa com a Wargods Press, colaborador da revista Roadie Crew, co-autor do livro T\u00e1 no Sangue! e podcaster com o Metal Legacy.","sameAs":["http:\/\/www.wargodspress.com.br"],"url":"https:\/\/wargodspress.com.br\/wargods\/author\/wargodspress\/"}]}},"_links":{"self":[{"href":"https:\/\/wargodspress.com.br\/wargods\/wp-json\/wp\/v2\/posts\/2358","targetHints":{"allow":["GET"]}}],"collection":[{"href":"https:\/\/wargodspress.com.br\/wargods\/wp-json\/wp\/v2\/posts"}],"about":[{"href":"https:\/\/wargodspress.com.br\/wargods\/wp-json\/wp\/v2\/types\/post"}],"author":[{"embeddable":true,"href":"https:\/\/wargodspress.com.br\/wargods\/wp-json\/wp\/v2\/users\/1"}],"replies":[{"embeddable":true,"href":"https:\/\/wargodspress.com.br\/wargods\/wp-json\/wp\/v2\/comments?post=2358"}],"version-history":[{"count":1,"href":"https:\/\/wargodspress.com.br\/wargods\/wp-json\/wp\/v2\/posts\/2358\/revisions"}],"predecessor-version":[{"id":2359,"href":"https:\/\/wargodspress.com.br\/wargods\/wp-json\/wp\/v2\/posts\/2358\/revisions\/2359"}],"wp:featuredmedia":[{"embeddable":true,"href":"https:\/\/wargodspress.com.br\/wargods\/wp-json\/wp\/v2\/media\/2291"}],"wp:attachment":[{"href":"https:\/\/wargodspress.com.br\/wargods\/wp-json\/wp\/v2\/media?parent=2358"}],"wp:term":[{"taxonomy":"category","embeddable":true,"href":"https:\/\/wargodspress.com.br\/wargods\/wp-json\/wp\/v2\/categories?post=2358"},{"taxonomy":"post_tag","embeddable":true,"href":"https:\/\/wargodspress.com.br\/wargods\/wp-json\/wp\/v2\/tags?post=2358"}],"curies":[{"name":"wp","href":"https:\/\/api.w.org\/{rel}","templated":true}]}}