{"id":1345,"date":"2019-11-28T13:36:51","date_gmt":"2019-11-28T15:36:51","guid":{"rendered":"http:\/\/wargodspress.com.br\/wargods\/?p=1345"},"modified":"2019-11-28T13:36:51","modified_gmt":"2019-11-28T15:36:51","slug":"vakan-dividindo-o-palco-com-a-hibria-em-primeiro-show-na-capital-gaucha","status":"publish","type":"post","link":"https:\/\/wargodspress.com.br\/wargods\/vakan-dividindo-o-palco-com-a-hibria-em-primeiro-show-na-capital-gaucha\/","title":{"rendered":"Vakan: Dividindo o palco com a Hibria em primeiro show na capital ga\u00facha"},"content":{"rendered":"<p><img loading=\"lazy\" decoding=\"async\" class=\"aligncenter wp-image-1346\" src=\"http:\/\/wargodspress.com.br\/wargods\/wp-content\/uploads\/2019\/11\/Vakan-1-900x600.jpg\" alt=\"\" width=\"836\" height=\"557\" srcset=\"https:\/\/wargodspress.com.br\/wargods\/wp-content\/uploads\/2019\/11\/Vakan-1-900x600.jpg 900w, https:\/\/wargodspress.com.br\/wargods\/wp-content\/uploads\/2019\/11\/Vakan-1-768x512.jpg 768w, https:\/\/wargodspress.com.br\/wargods\/wp-content\/uploads\/2019\/11\/Vakan-1-1024x683.jpg 1024w, https:\/\/wargodspress.com.br\/wargods\/wp-content\/uploads\/2019\/11\/Vakan-1.jpg 1920w\" sizes=\"auto, (max-width: 836px) 100vw, 836px\" \/><\/p>\n<p>Desde a d\u00e9cada de 1980 a cidade de Santa Maria tem mostrado ao mundo uma s\u00e9rie de bandas de destaque, dos estilos mais variados, do Heavy, passando pelo Splatter, Doom e Thrash Metal. Na \u00faltima d\u00e9cada houve uma renova\u00e7\u00e3o local, e dentre as bandas que surgiram, est\u00e1 o\u00a0<strong>VAKAN<\/strong>. Sua funda\u00e7\u00e3o data de 2010, portanto, no pr\u00f3ximo ano, a banda planeja muitas novidades ao completar uma d\u00e9cada, como conta o vocalista Matheus Oliveira:\u00a0<em>\u201cLan\u00e7amos o \u201cVagabond\u201d no final de 2018 e, desde ent\u00e3o, os nossos shows e atividades t\u00eam sido voltados para a sua divulga\u00e7\u00e3o, pelo fato de ser o nosso \u00e1lbum de estreia. Assim como ocorreu recentemente com a faixa &#8220;Vagabond pt. IV&#8221;, estamos produzindo conte\u00fado audiovisual de outras m\u00fasicas para o pr\u00f3ximo ano e, aproveitando a comemora\u00e7\u00e3o de 10 anos de Vakan, tamb\u00e9m iremos lan\u00e7ar um material ao vivo. Pretendemos fazer mais shows, esgotando as possibilidades e divulgando o \u201cVagabond\u201d o m\u00e1ximo poss\u00edvel, e a\u00ed, em paralelo, vamos voltar a escrever m\u00fasicas para o pr\u00f3ximo trabalho de est\u00fadio&#8221;.<\/em><\/p>\n<p>E no dia 07\/12, s\u00e1bado, a banda far\u00e1 sua primeira apresenta\u00e7\u00e3o em Porto Alegre, abrindo o show da Hibria, que est\u00e1 retornando com nova forma\u00e7\u00e3o. O quinteto, que tamb\u00e9m conta com Alexandre Marinho (guitarra), Natanael Couto (baixo), Isabel Leal (teclado) e Lucas Oliveira (bateria), planeja levar ao p\u00fablico m\u00fasicas do elogiado\u00a0<em>\u201cVagabond\u201d<\/em>, como\u00a0<em>\u201cBeyond Mankind\u201d, \u201cRussian Roulette\u201d<\/em> e <em>\u201cDiary Of P. Stuart\u201d<\/em>.\u00a0<em>\u201cNossa estreia na capital satisfaz um antigo desejo da banda, e tocar ao lado da Hibria, nesse momento t\u00e3o especial de retorno da banda, \u00e9 uma tremenda honra. \u00c9 uma das maiores refer\u00eancias no g\u00eanero e, pessoalmente, uma das minhas bandas favoritas\u201d<\/em>, conta o vocalista. O show com a Hibria ser\u00e1 realizado no tradicional Bar Opini\u00e3o\u00a0(Rua Jos\u00e9 do Patroc\u00ednio, 834, Cidade Baixa), estando o show do\u00a0<strong>VAKAN<\/strong>\u00a0marcado para as 19h.<\/p>\n<p><strong><em>Confira mais detalhes no evento:<br \/>\n<\/em><\/strong><a href=\"https:\/\/www.facebook.com\/events\/397084947584690\/\"><em>https:\/\/www.facebook.com\/events\/397084947584690\/<\/em><\/a><\/p>\n<p>Para chegar at\u00e9 o \u00e1lbum\u00a0<em>\u201cVagabond\u201d<\/em>,\u00a0<strong>VAKAN<\/strong>\u00a0passou por diversas adversidades. Sua estreia, com o EP\u00a0<em>\u201cFreeze!\u201d<\/em>, em 2012, serviu como um teste para Lucas Oliveira, Alexandre Marinho e Matheus Oliveira, que com o passar do tempo, foram adquirindo novas influ\u00eancias e maneiras de moldar a sonoridade do grupo. Matheus relembra:\u00a0<em>\u201cAp\u00f3s mudan\u00e7as na forma\u00e7\u00e3o ao longo dos anos, enquanto paralelamente comp\u00fanhamos as m\u00fasicas que fariam parte do primeiro \u00e1lbum, a banda foi amadurecendo musicalmente e incorporando outros subg\u00eaneros do Metal e fora dele, como elementos do Folk latino-americano e platino\u201d.<\/em><\/p>\n<p><em><strong>Ou\u00e7a o \u00e1lbum \u201cVagabond\u201d no YouTube:<\/strong><\/em><br \/>\n<iframe loading=\"lazy\" src=\"https:\/\/www.youtube.com\/embed\/GDINLHR8hkw\" width=\"560\" height=\"315\" frameborder=\"0\" allowfullscreen=\"allowfullscreen\"><\/iframe><\/p>\n<p>No fim de 2017, o trio Alexandre Marinho, Lucas Oliveira e Matheus Oliveira \u00e9 ent\u00e3o refor\u00e7ado pelo baixista Natanael Couto, sendo essa a forma\u00e7\u00e3o de\u00a0<em>\u201cVagabond\u201d<\/em>, \u00e1lbum de estreia lan\u00e7ado em outubro de 2018. Com este lan\u00e7amento a banda tem recebido reviews bastante elogiosos da cr\u00edtica especializada, que a colocaram como uma das revela\u00e7\u00f5es do Metal brasileiro. Em 2019, a\u00a0<strong>VAKAN<\/strong>\u00a0se tornou um quinteto com a adi\u00e7\u00e3o da tecladista Isabel Leal.<\/p>\n<p><strong>Contatos:<br \/>\n<\/strong><strong>Facebook: <\/strong><a href=\"http:\/\/www.facebook.com\/VakanOfficial\">www.facebook.com\/VakanOfficial<\/a><br \/>\n<strong>Instagram: <\/strong><a href=\"http:\/\/www.instagram.com\/vakanmetal\">www.instagram.com\/vakanmetal<\/a><br \/>\n<strong>Assessoria de Imprensa:<\/strong> <a href=\"http:\/\/www.wargodspress.com.br\">www.wargodspress.com.br<\/a><\/p>\n<p>&nbsp;<\/p>\n","protected":false},"excerpt":{"rendered":"<p>Desde a d\u00e9cada de 1980 a cidade de Santa Maria tem mostrado ao mundo uma s\u00e9rie de bandas de destaque,<\/p>\n","protected":false},"author":1,"featured_media":1346,"comment_status":"open","ping_status":"open","sticky":false,"template":"","format":"standard","meta":{"footnotes":""},"categories":[3],"tags":[203,22],"class_list":["post-1345","post","type-post","status-publish","format-standard","has-post-thumbnail","hentry","category-news","tag-vakan","tag-wargods-press"],"yoast_head":"<!-- This site is optimized with the Yoast SEO plugin v19.7.1 - https:\/\/yoast.com\/wordpress\/plugins\/seo\/ -->\n<title>Vakan: Dividindo o palco com a Hibria em primeiro show na capital ga\u00facha - WARGODS PRESS - 2006 - 2026<\/title>\n<meta name=\"robots\" content=\"index, follow, max-snippet:-1, max-image-preview:large, max-video-preview:-1\" \/>\n<link rel=\"canonical\" href=\"https:\/\/wargodspress.com.br\/wargods\/vakan-dividindo-o-palco-com-a-hibria-em-primeiro-show-na-capital-gaucha\/\" \/>\n<meta property=\"og:locale\" content=\"pt_BR\" \/>\n<meta property=\"og:type\" content=\"article\" \/>\n<meta property=\"og:title\" content=\"Vakan: Dividindo o palco com a Hibria em primeiro show na capital ga\u00facha - WARGODS PRESS - 2006 - 2026\" \/>\n<meta property=\"og:description\" content=\"Desde a d\u00e9cada de 1980 a cidade de Santa Maria tem mostrado ao mundo uma s\u00e9rie de bandas de destaque,\" \/>\n<meta property=\"og:url\" content=\"https:\/\/wargodspress.com.br\/wargods\/vakan-dividindo-o-palco-com-a-hibria-em-primeiro-show-na-capital-gaucha\/\" \/>\n<meta property=\"og:site_name\" content=\"WARGODS PRESS - 2006 - 2026\" \/>\n<meta property=\"article:publisher\" content=\"https:\/\/www.facebook.com\/wargodspress\" \/>\n<meta property=\"article:published_time\" content=\"2019-11-28T15:36:51+00:00\" \/>\n<meta property=\"og:image\" content=\"https:\/\/wargodspress.com.br\/wargods\/wp-content\/uploads\/2019\/11\/Vakan-1.jpg\" \/>\n\t<meta property=\"og:image:width\" content=\"1920\" \/>\n\t<meta property=\"og:image:height\" content=\"1280\" \/>\n\t<meta property=\"og:image:type\" content=\"image\/jpeg\" \/>\n<meta name=\"author\" content=\"WarGodsPress\" \/>\n<meta name=\"twitter:card\" content=\"summary_large_image\" \/>\n<meta name=\"twitter:creator\" content=\"@wargodspress\" \/>\n<meta name=\"twitter:site\" content=\"@wargodspress\" \/>\n<meta name=\"twitter:label1\" content=\"Escrito por\" \/>\n\t<meta name=\"twitter:data1\" content=\"WarGodsPress\" \/>\n\t<meta name=\"twitter:label2\" content=\"Est. tempo de leitura\" \/>\n\t<meta name=\"twitter:data2\" content=\"3 minutos\" \/>\n<script type=\"application\/ld+json\" class=\"yoast-schema-graph\">{\"@context\":\"https:\/\/schema.org\",\"@graph\":[{\"@type\":\"Article\",\"@id\":\"https:\/\/wargodspress.com.br\/wargods\/vakan-dividindo-o-palco-com-a-hibria-em-primeiro-show-na-capital-gaucha\/#article\",\"isPartOf\":{\"@id\":\"https:\/\/wargodspress.com.br\/wargods\/vakan-dividindo-o-palco-com-a-hibria-em-primeiro-show-na-capital-gaucha\/\"},\"author\":{\"name\":\"WarGodsPress\",\"@id\":\"https:\/\/wargodspress.com.br\/wargods\/#\/schema\/person\/57390b6095ac3486713a1a3b1421fad2\"},\"headline\":\"Vakan: Dividindo o palco com a Hibria em primeiro show na capital ga\u00facha\",\"datePublished\":\"2019-11-28T15:36:51+00:00\",\"dateModified\":\"2019-11-28T15:36:51+00:00\",\"mainEntityOfPage\":{\"@id\":\"https:\/\/wargodspress.com.br\/wargods\/vakan-dividindo-o-palco-com-a-hibria-em-primeiro-show-na-capital-gaucha\/\"},\"wordCount\":552,\"commentCount\":0,\"publisher\":{\"@id\":\"https:\/\/wargodspress.com.br\/wargods\/#organization\"},\"keywords\":[\"Vakan\",\"Wargods Press\"],\"articleSection\":[\"News\"],\"inLanguage\":\"pt-BR\",\"potentialAction\":[{\"@type\":\"CommentAction\",\"name\":\"Comment\",\"target\":[\"https:\/\/wargodspress.com.br\/wargods\/vakan-dividindo-o-palco-com-a-hibria-em-primeiro-show-na-capital-gaucha\/#respond\"]}]},{\"@type\":\"WebPage\",\"@id\":\"https:\/\/wargodspress.com.br\/wargods\/vakan-dividindo-o-palco-com-a-hibria-em-primeiro-show-na-capital-gaucha\/\",\"url\":\"https:\/\/wargodspress.com.br\/wargods\/vakan-dividindo-o-palco-com-a-hibria-em-primeiro-show-na-capital-gaucha\/\",\"name\":\"Vakan: Dividindo o palco com a Hibria em primeiro show na capital ga\u00facha - WARGODS PRESS - 2006 - 2026\",\"isPartOf\":{\"@id\":\"https:\/\/wargodspress.com.br\/wargods\/#website\"},\"datePublished\":\"2019-11-28T15:36:51+00:00\",\"dateModified\":\"2019-11-28T15:36:51+00:00\",\"breadcrumb\":{\"@id\":\"https:\/\/wargodspress.com.br\/wargods\/vakan-dividindo-o-palco-com-a-hibria-em-primeiro-show-na-capital-gaucha\/#breadcrumb\"},\"inLanguage\":\"pt-BR\",\"potentialAction\":[{\"@type\":\"ReadAction\",\"target\":[\"https:\/\/wargodspress.com.br\/wargods\/vakan-dividindo-o-palco-com-a-hibria-em-primeiro-show-na-capital-gaucha\/\"]}]},{\"@type\":\"BreadcrumbList\",\"@id\":\"https:\/\/wargodspress.com.br\/wargods\/vakan-dividindo-o-palco-com-a-hibria-em-primeiro-show-na-capital-gaucha\/#breadcrumb\",\"itemListElement\":[{\"@type\":\"ListItem\",\"position\":1,\"name\":\"In\u00edcio\",\"item\":\"https:\/\/wargodspress.com.br\/wargods\/\"},{\"@type\":\"ListItem\",\"position\":2,\"name\":\"Vakan: Dividindo o palco com a Hibria em primeiro show na capital ga\u00facha\"}]},{\"@type\":\"WebSite\",\"@id\":\"https:\/\/wargodspress.com.br\/wargods\/#website\",\"url\":\"https:\/\/wargodspress.com.br\/wargods\/\",\"name\":\"WARGODS PRESS - 2006 - 2026\",\"description\":\"Assessoria e Conte\u00fados\",\"publisher\":{\"@id\":\"https:\/\/wargodspress.com.br\/wargods\/#organization\"},\"potentialAction\":[{\"@type\":\"SearchAction\",\"target\":{\"@type\":\"EntryPoint\",\"urlTemplate\":\"https:\/\/wargodspress.com.br\/wargods\/?s={search_term_string}\"},\"query-input\":\"required name=search_term_string\"}],\"inLanguage\":\"pt-BR\"},{\"@type\":\"Organization\",\"@id\":\"https:\/\/wargodspress.com.br\/wargods\/#organization\",\"name\":\"WARGODS PRESS - 2006 - 2026\",\"url\":\"https:\/\/wargodspress.com.br\/wargods\/\",\"sameAs\":[\"https:\/\/www.instagram.com\/wargodspress\/\",\"https:\/\/www.facebook.com\/wargodspress\",\"https:\/\/twitter.com\/wargodspress\"],\"logo\":{\"@type\":\"ImageObject\",\"inLanguage\":\"pt-BR\",\"@id\":\"https:\/\/wargodspress.com.br\/wargods\/#\/schema\/logo\/image\/\",\"url\":\"https:\/\/wargodspress.com.br\/wargods\/wp-content\/uploads\/2022\/09\/cropped-cropped-logo-novo-4-2.png\",\"contentUrl\":\"https:\/\/wargodspress.com.br\/wargods\/wp-content\/uploads\/2022\/09\/cropped-cropped-logo-novo-4-2.png\",\"width\":1719,\"height\":635,\"caption\":\"WARGODS PRESS - 2006 - 2026\"},\"image\":{\"@id\":\"https:\/\/wargodspress.com.br\/wargods\/#\/schema\/logo\/image\/\"}},{\"@type\":\"Person\",\"@id\":\"https:\/\/wargodspress.com.br\/wargods\/#\/schema\/person\/57390b6095ac3486713a1a3b1421fad2\",\"name\":\"WarGodsPress\",\"image\":{\"@type\":\"ImageObject\",\"inLanguage\":\"pt-BR\",\"@id\":\"https:\/\/wargodspress.com.br\/wargods\/#\/schema\/person\/image\/\",\"url\":\"https:\/\/secure.gravatar.com\/avatar\/2c926860538faceab6faaaec86b7ef70caa691c9added2d15bf6132c40252420?s=96&d=mm&r=g\",\"contentUrl\":\"https:\/\/secure.gravatar.com\/avatar\/2c926860538faceab6faaaec86b7ef70caa691c9added2d15bf6132c40252420?s=96&d=mm&r=g\",\"caption\":\"WarGodsPress\"},\"description\":\"Assessor de Imprensa com a Wargods Press, colaborador da revista Roadie Crew, co-autor do livro T\u00e1 no Sangue! e podcaster com o Metal Legacy.\",\"sameAs\":[\"http:\/\/www.wargodspress.com.br\"],\"url\":\"https:\/\/wargodspress.com.br\/wargods\/author\/wargodspress\/\"}]}<\/script>\n<!-- \/ Yoast SEO plugin. -->","yoast_head_json":{"title":"Vakan: Dividindo o palco com a Hibria em primeiro show na capital ga\u00facha - WARGODS PRESS - 2006 - 2026","robots":{"index":"index","follow":"follow","max-snippet":"max-snippet:-1","max-image-preview":"max-image-preview:large","max-video-preview":"max-video-preview:-1"},"canonical":"https:\/\/wargodspress.com.br\/wargods\/vakan-dividindo-o-palco-com-a-hibria-em-primeiro-show-na-capital-gaucha\/","og_locale":"pt_BR","og_type":"article","og_title":"Vakan: Dividindo o palco com a Hibria em primeiro show na capital ga\u00facha - WARGODS PRESS - 2006 - 2026","og_description":"Desde a d\u00e9cada de 1980 a cidade de Santa Maria tem mostrado ao mundo uma s\u00e9rie de bandas de destaque,","og_url":"https:\/\/wargodspress.com.br\/wargods\/vakan-dividindo-o-palco-com-a-hibria-em-primeiro-show-na-capital-gaucha\/","og_site_name":"WARGODS PRESS - 2006 - 2026","article_publisher":"https:\/\/www.facebook.com\/wargodspress","article_published_time":"2019-11-28T15:36:51+00:00","og_image":[{"width":1920,"height":1280,"url":"https:\/\/wargodspress.com.br\/wargods\/wp-content\/uploads\/2019\/11\/Vakan-1.jpg","type":"image\/jpeg"}],"author":"WarGodsPress","twitter_card":"summary_large_image","twitter_creator":"@wargodspress","twitter_site":"@wargodspress","twitter_misc":{"Escrito por":"WarGodsPress","Est. tempo de leitura":"3 minutos"},"schema":{"@context":"https:\/\/schema.org","@graph":[{"@type":"Article","@id":"https:\/\/wargodspress.com.br\/wargods\/vakan-dividindo-o-palco-com-a-hibria-em-primeiro-show-na-capital-gaucha\/#article","isPartOf":{"@id":"https:\/\/wargodspress.com.br\/wargods\/vakan-dividindo-o-palco-com-a-hibria-em-primeiro-show-na-capital-gaucha\/"},"author":{"name":"WarGodsPress","@id":"https:\/\/wargodspress.com.br\/wargods\/#\/schema\/person\/57390b6095ac3486713a1a3b1421fad2"},"headline":"Vakan: Dividindo o palco com a Hibria em primeiro show na capital ga\u00facha","datePublished":"2019-11-28T15:36:51+00:00","dateModified":"2019-11-28T15:36:51+00:00","mainEntityOfPage":{"@id":"https:\/\/wargodspress.com.br\/wargods\/vakan-dividindo-o-palco-com-a-hibria-em-primeiro-show-na-capital-gaucha\/"},"wordCount":552,"commentCount":0,"publisher":{"@id":"https:\/\/wargodspress.com.br\/wargods\/#organization"},"keywords":["Vakan","Wargods Press"],"articleSection":["News"],"inLanguage":"pt-BR","potentialAction":[{"@type":"CommentAction","name":"Comment","target":["https:\/\/wargodspress.com.br\/wargods\/vakan-dividindo-o-palco-com-a-hibria-em-primeiro-show-na-capital-gaucha\/#respond"]}]},{"@type":"WebPage","@id":"https:\/\/wargodspress.com.br\/wargods\/vakan-dividindo-o-palco-com-a-hibria-em-primeiro-show-na-capital-gaucha\/","url":"https:\/\/wargodspress.com.br\/wargods\/vakan-dividindo-o-palco-com-a-hibria-em-primeiro-show-na-capital-gaucha\/","name":"Vakan: Dividindo o palco com a Hibria em primeiro show na capital ga\u00facha - WARGODS PRESS - 2006 - 2026","isPartOf":{"@id":"https:\/\/wargodspress.com.br\/wargods\/#website"},"datePublished":"2019-11-28T15:36:51+00:00","dateModified":"2019-11-28T15:36:51+00:00","breadcrumb":{"@id":"https:\/\/wargodspress.com.br\/wargods\/vakan-dividindo-o-palco-com-a-hibria-em-primeiro-show-na-capital-gaucha\/#breadcrumb"},"inLanguage":"pt-BR","potentialAction":[{"@type":"ReadAction","target":["https:\/\/wargodspress.com.br\/wargods\/vakan-dividindo-o-palco-com-a-hibria-em-primeiro-show-na-capital-gaucha\/"]}]},{"@type":"BreadcrumbList","@id":"https:\/\/wargodspress.com.br\/wargods\/vakan-dividindo-o-palco-com-a-hibria-em-primeiro-show-na-capital-gaucha\/#breadcrumb","itemListElement":[{"@type":"ListItem","position":1,"name":"In\u00edcio","item":"https:\/\/wargodspress.com.br\/wargods\/"},{"@type":"ListItem","position":2,"name":"Vakan: Dividindo o palco com a Hibria em primeiro show na capital ga\u00facha"}]},{"@type":"WebSite","@id":"https:\/\/wargodspress.com.br\/wargods\/#website","url":"https:\/\/wargodspress.com.br\/wargods\/","name":"WARGODS PRESS - 2006 - 2026","description":"Assessoria e Conte\u00fados","publisher":{"@id":"https:\/\/wargodspress.com.br\/wargods\/#organization"},"potentialAction":[{"@type":"SearchAction","target":{"@type":"EntryPoint","urlTemplate":"https:\/\/wargodspress.com.br\/wargods\/?s={search_term_string}"},"query-input":"required name=search_term_string"}],"inLanguage":"pt-BR"},{"@type":"Organization","@id":"https:\/\/wargodspress.com.br\/wargods\/#organization","name":"WARGODS PRESS - 2006 - 2026","url":"https:\/\/wargodspress.com.br\/wargods\/","sameAs":["https:\/\/www.instagram.com\/wargodspress\/","https:\/\/www.facebook.com\/wargodspress","https:\/\/twitter.com\/wargodspress"],"logo":{"@type":"ImageObject","inLanguage":"pt-BR","@id":"https:\/\/wargodspress.com.br\/wargods\/#\/schema\/logo\/image\/","url":"https:\/\/wargodspress.com.br\/wargods\/wp-content\/uploads\/2022\/09\/cropped-cropped-logo-novo-4-2.png","contentUrl":"https:\/\/wargodspress.com.br\/wargods\/wp-content\/uploads\/2022\/09\/cropped-cropped-logo-novo-4-2.png","width":1719,"height":635,"caption":"WARGODS PRESS - 2006 - 2026"},"image":{"@id":"https:\/\/wargodspress.com.br\/wargods\/#\/schema\/logo\/image\/"}},{"@type":"Person","@id":"https:\/\/wargodspress.com.br\/wargods\/#\/schema\/person\/57390b6095ac3486713a1a3b1421fad2","name":"WarGodsPress","image":{"@type":"ImageObject","inLanguage":"pt-BR","@id":"https:\/\/wargodspress.com.br\/wargods\/#\/schema\/person\/image\/","url":"https:\/\/secure.gravatar.com\/avatar\/2c926860538faceab6faaaec86b7ef70caa691c9added2d15bf6132c40252420?s=96&d=mm&r=g","contentUrl":"https:\/\/secure.gravatar.com\/avatar\/2c926860538faceab6faaaec86b7ef70caa691c9added2d15bf6132c40252420?s=96&d=mm&r=g","caption":"WarGodsPress"},"description":"Assessor de Imprensa com a Wargods Press, colaborador da revista Roadie Crew, co-autor do livro T\u00e1 no Sangue! e podcaster com o Metal Legacy.","sameAs":["http:\/\/www.wargodspress.com.br"],"url":"https:\/\/wargodspress.com.br\/wargods\/author\/wargodspress\/"}]}},"_links":{"self":[{"href":"https:\/\/wargodspress.com.br\/wargods\/wp-json\/wp\/v2\/posts\/1345","targetHints":{"allow":["GET"]}}],"collection":[{"href":"https:\/\/wargodspress.com.br\/wargods\/wp-json\/wp\/v2\/posts"}],"about":[{"href":"https:\/\/wargodspress.com.br\/wargods\/wp-json\/wp\/v2\/types\/post"}],"author":[{"embeddable":true,"href":"https:\/\/wargodspress.com.br\/wargods\/wp-json\/wp\/v2\/users\/1"}],"replies":[{"embeddable":true,"href":"https:\/\/wargodspress.com.br\/wargods\/wp-json\/wp\/v2\/comments?post=1345"}],"version-history":[{"count":1,"href":"https:\/\/wargodspress.com.br\/wargods\/wp-json\/wp\/v2\/posts\/1345\/revisions"}],"predecessor-version":[{"id":1347,"href":"https:\/\/wargodspress.com.br\/wargods\/wp-json\/wp\/v2\/posts\/1345\/revisions\/1347"}],"wp:featuredmedia":[{"embeddable":true,"href":"https:\/\/wargodspress.com.br\/wargods\/wp-json\/wp\/v2\/media\/1346"}],"wp:attachment":[{"href":"https:\/\/wargodspress.com.br\/wargods\/wp-json\/wp\/v2\/media?parent=1345"}],"wp:term":[{"taxonomy":"category","embeddable":true,"href":"https:\/\/wargodspress.com.br\/wargods\/wp-json\/wp\/v2\/categories?post=1345"},{"taxonomy":"post_tag","embeddable":true,"href":"https:\/\/wargodspress.com.br\/wargods\/wp-json\/wp\/v2\/tags?post=1345"}],"curies":[{"name":"wp","href":"https:\/\/api.w.org\/{rel}","templated":true}]}}