{"id":3033,"date":"2021-06-16T14:02:25","date_gmt":"2021-06-16T17:02:25","guid":{"rendered":"http:\/\/wargodspress.com.br\/wargods\/?p=3033"},"modified":"2021-06-17T10:51:53","modified_gmt":"2021-06-17T13:51:53","slug":"fighter-iconico-baixista-billy-sheehan-do-mr-big-participara-de-nova-musica","status":"publish","type":"post","link":"http:\/\/wargodspress.com.br\/wargods\/fighter-iconico-baixista-billy-sheehan-do-mr-big-participara-de-nova-musica\/","title":{"rendered":"Fighter: Ic\u00f4nico baixista Billy Sheehan do Mr. Big participar\u00e1 de nova m\u00fasica"},"content":{"rendered":"<p><img loading=\"lazy\" decoding=\"async\" class=\"aligncenter size-medium wp-image-3043\" src=\"http:\/\/wargodspress.com.br\/wargods\/wp-content\/uploads\/2021\/06\/Fighter-Promo1-900x698.jpg\" alt=\"\" width=\"900\" height=\"698\" srcset=\"http:\/\/wargodspress.com.br\/wargods\/wp-content\/uploads\/2021\/06\/Fighter-Promo1-900x698.jpg 900w, http:\/\/wargodspress.com.br\/wargods\/wp-content\/uploads\/2021\/06\/Fighter-Promo1-768x596.jpg 768w, http:\/\/wargodspress.com.br\/wargods\/wp-content\/uploads\/2021\/06\/Fighter-Promo1-1024x795.jpg 1024w, http:\/\/wargodspress.com.br\/wargods\/wp-content\/uploads\/2021\/06\/Fighter-Promo1.jpg 1920w\" sizes=\"auto, (max-width: 900px) 100vw, 900px\" \/><\/p>\n<p>Verdadeiro \u00edcone do Hard Rock, o baixista <strong>Billy Sheehan<\/strong> confirmou sua participa\u00e7\u00e3o na nova m\u00fasica da banda ga\u00facha <strong>FIGHTER<\/strong>, que ser\u00e1 lan\u00e7ada no dia 25\/06 em todas as plataformas digitais. O m\u00fasico, mundialmente conhecido pelo seu trabalho no <strong>Mr. Big<\/strong> e mais recentemente nos supergrupos <strong>The Winery Dogs<\/strong> e <strong>Sons of Apollo<\/strong>, tocar\u00e1 na faixa <strong><em>\u201cA For\u00e7a\u201d<\/em><\/strong>, faixa-t\u00edtulo do vindouro EP que o grupo vem trabalhando. Com 68 anos, o baixista tamb\u00e9m j\u00e1 deixou sua marca em diversas outras bandas e projetos, destacando sua participa\u00e7\u00e3o na carreira solo de <strong>David Lee Roth<\/strong> e na banda <strong>Talas<\/strong>, que o projetou para o mundo no in\u00edcio da d\u00e9cada de 1980.<\/p>\n<p>Para a <strong>FIGHTER<\/strong>, ter a presen\u00e7a do ilustre baixista nessa nova m\u00fasica \u00e9 a realiza\u00e7\u00e3o de um sonho: <em>\u201cQue banda n\u00e3o gostaria de ter um dos seus \u00eddolos tocando em uma m\u00fasica sua? Ter o Billy presente neste novo single marca mais um passo importante nessa trajet\u00f3ria de 13 anos; falando especialmente na campanha do EP &#8220;A For\u00e7a&#8221;, iniciada por &#8220;Arte da Guerra&#8221; (2020) e seguindo trabalhos que contaram com parcerias ilustres como Marcos Kleine (Ultraje a Rigor) e Aquiles Priester (Edu Falaschi, WASP, Tony MacAlpine, Angra) buscamos um resultado \u00edmpar em nossa carreira. Um trabalho a altura de ser classificado como divisor de \u00e1guas no cora\u00e7\u00e3o dos nossos f\u00e3s e amigos e, que acima de tudo, reforce nosso espa\u00e7o na cena Rock\/Metal do nosso pa\u00eds. Esperamos que todos curtam a m\u00fasica quanto n\u00f3s curtimos!\u201d.<\/em><\/p>\n<p><strong>Cesar Branco<\/strong> (vocal), <strong>Alexsandro<\/strong> <strong>Gabrielli<\/strong> (guitarra e backing vocal), <strong>Gustavo<\/strong> <strong>Refosco<\/strong> (baixo) e <strong>Guilherme<\/strong> <strong>Adamatti<\/strong> (bateria) lan\u00e7ar\u00e3o o single na pr\u00f3xima semana, acompanhado, como de praxe, de um videoclipe. A m\u00fasica foi gravada e produzida por <strong>Jonas Godoy<\/strong> no <strong>Est\u00fadio Linha Sonora<\/strong> em Caxias do Sul, e a capa mais uma vez foi criada por <strong>Jennifer<\/strong> <strong>Poletto<\/strong>, da <strong>N\u00e1ufragos<\/strong> <strong>Design<\/strong>.<\/p>\n<p><strong><em>Assista ao v\u00eddeo de \u201cLiberdade\u201d:<br \/>\n<\/em><\/strong><\/p>\n<p><iframe loading=\"lazy\" width=\"800\" height=\"450\" src=\"https:\/\/www.youtube.com\/embed\/mrIWfWYmzV8?feature=oembed\" frameborder=\"0\" allow=\"accelerometer; autoplay; clipboard-write; encrypted-media; gyroscope; picture-in-picture\" allowfullscreen title=\"FIGHTER - Liberdade\"><\/iframe><\/p>\n<p><strong><em>Ou\u00e7a \u201cLiberdade\u201d no Spotify:<br \/>\n<\/em><\/strong><\/p>\n<p><iframe style=\"border-radius: 12px\" width=\"100%\" height=\"152\" title=\"Spotify Embed: Liberdade\" frameborder=\"0\" allowfullscreen allow=\"autoplay; clipboard-write; encrypted-media; fullscreen; picture-in-picture\" loading=\"lazy\" src=\"https:\/\/open.spotify.com\/embed\/track\/1fuRiQ5YOI2Opy6shzftCr?utm_source=oembed\"><\/iframe><\/p>\n<p><strong>Contatos:<br \/>\n<\/strong><strong>Telegram: <\/strong><a href=\"https:\/\/t.me\/fighter_banda\">https:\/\/t.me\/fighter_banda<\/a><br \/>\n<strong>Facebook: <\/strong><a href=\"http:\/\/www.facebook.com\/bandafighter\">www.facebook.com\/bandafighter<\/a><br \/>\n<strong>Instagram: <\/strong><a href=\"http:\/\/www.instagram.com\/fighter_banda\">www.instagram.com\/fighter_banda<\/a><br \/>\n<strong>Youtube:<\/strong> <a href=\"http:\/\/www.youtube.com\/fighterhardrock\">www.youtube.com\/fighterhardrock<\/a><br \/>\n<strong>Assessoria de Imprensa: <\/strong><a href=\"http:\/\/www.wargodspress.com.br\">www.wargodspress.com.br<\/a><\/p>\n","protected":false},"excerpt":{"rendered":"<p>Verdadeiro \u00edcone do Hard Rock, o baixista Billy Sheehan confirmou sua participa\u00e7\u00e3o na nova m\u00fasica da banda ga\u00facha FIGHTER, que<\/p>\n","protected":false},"author":1,"featured_media":3043,"comment_status":"open","ping_status":"open","sticky":false,"template":"","format":"standard","meta":{"footnotes":""},"categories":[3],"tags":[220,424,22],"class_list":["post-3033","post","type-post","status-publish","format-standard","has-post-thumbnail","hentry","category-news","tag-fighter","tag-mr-big","tag-wargods-press"],"yoast_head":"<!-- This site is optimized with the Yoast SEO plugin v19.7.1 - https:\/\/yoast.com\/wordpress\/plugins\/seo\/ -->\n<title>Fighter: Ic\u00f4nico baixista Billy Sheehan do Mr. Big participar\u00e1 de nova m\u00fasica - WARGODS PRESS - 2006 - 2026<\/title>\n<meta name=\"robots\" content=\"index, follow, max-snippet:-1, max-image-preview:large, max-video-preview:-1\" \/>\n<link rel=\"canonical\" href=\"http:\/\/wargodspress.com.br\/wargods\/fighter-iconico-baixista-billy-sheehan-do-mr-big-participara-de-nova-musica\/\" \/>\n<meta property=\"og:locale\" content=\"pt_BR\" \/>\n<meta property=\"og:type\" content=\"article\" \/>\n<meta property=\"og:title\" content=\"Fighter: Ic\u00f4nico baixista Billy Sheehan do Mr. Big participar\u00e1 de nova m\u00fasica - WARGODS PRESS - 2006 - 2026\" \/>\n<meta property=\"og:description\" content=\"Verdadeiro \u00edcone do Hard Rock, o baixista Billy Sheehan confirmou sua participa\u00e7\u00e3o na nova m\u00fasica da banda ga\u00facha FIGHTER, que\" \/>\n<meta property=\"og:url\" content=\"http:\/\/wargodspress.com.br\/wargods\/fighter-iconico-baixista-billy-sheehan-do-mr-big-participara-de-nova-musica\/\" \/>\n<meta property=\"og:site_name\" content=\"WARGODS PRESS - 2006 - 2026\" \/>\n<meta property=\"article:publisher\" content=\"https:\/\/www.facebook.com\/wargodspress\" \/>\n<meta property=\"article:published_time\" content=\"2021-06-16T17:02:25+00:00\" \/>\n<meta property=\"article:modified_time\" content=\"2021-06-17T13:51:53+00:00\" \/>\n<meta property=\"og:image\" content=\"http:\/\/wargodspress.com.br\/wargods\/wp-content\/uploads\/2021\/06\/Fighter-Promo1.jpg\" \/>\n\t<meta property=\"og:image:width\" content=\"1920\" \/>\n\t<meta property=\"og:image:height\" content=\"1490\" \/>\n\t<meta property=\"og:image:type\" content=\"image\/jpeg\" \/>\n<meta name=\"author\" content=\"WarGodsPress\" \/>\n<meta name=\"twitter:card\" content=\"summary_large_image\" \/>\n<meta name=\"twitter:creator\" content=\"@wargodspress\" \/>\n<meta name=\"twitter:site\" content=\"@wargodspress\" \/>\n<meta name=\"twitter:label1\" content=\"Escrito por\" \/>\n\t<meta name=\"twitter:data1\" content=\"WarGodsPress\" \/>\n\t<meta name=\"twitter:label2\" content=\"Est. tempo de leitura\" \/>\n\t<meta name=\"twitter:data2\" content=\"2 minutos\" \/>\n<script type=\"application\/ld+json\" class=\"yoast-schema-graph\">{\"@context\":\"https:\/\/schema.org\",\"@graph\":[{\"@type\":\"Article\",\"@id\":\"http:\/\/wargodspress.com.br\/wargods\/fighter-iconico-baixista-billy-sheehan-do-mr-big-participara-de-nova-musica\/#article\",\"isPartOf\":{\"@id\":\"http:\/\/wargodspress.com.br\/wargods\/fighter-iconico-baixista-billy-sheehan-do-mr-big-participara-de-nova-musica\/\"},\"author\":{\"name\":\"WarGodsPress\",\"@id\":\"http:\/\/wargodspress.com.br\/wargods\/#\/schema\/person\/57390b6095ac3486713a1a3b1421fad2\"},\"headline\":\"Fighter: Ic\u00f4nico baixista Billy Sheehan do Mr. Big participar\u00e1 de nova m\u00fasica\",\"datePublished\":\"2021-06-16T17:02:25+00:00\",\"dateModified\":\"2021-06-17T13:51:53+00:00\",\"mainEntityOfPage\":{\"@id\":\"http:\/\/wargodspress.com.br\/wargods\/fighter-iconico-baixista-billy-sheehan-do-mr-big-participara-de-nova-musica\/\"},\"wordCount\":403,\"commentCount\":0,\"publisher\":{\"@id\":\"http:\/\/wargodspress.com.br\/wargods\/#organization\"},\"keywords\":[\"fighter\",\"Mr. Big\",\"Wargods Press\"],\"articleSection\":[\"News\"],\"inLanguage\":\"pt-BR\",\"potentialAction\":[{\"@type\":\"CommentAction\",\"name\":\"Comment\",\"target\":[\"http:\/\/wargodspress.com.br\/wargods\/fighter-iconico-baixista-billy-sheehan-do-mr-big-participara-de-nova-musica\/#respond\"]}]},{\"@type\":\"WebPage\",\"@id\":\"http:\/\/wargodspress.com.br\/wargods\/fighter-iconico-baixista-billy-sheehan-do-mr-big-participara-de-nova-musica\/\",\"url\":\"http:\/\/wargodspress.com.br\/wargods\/fighter-iconico-baixista-billy-sheehan-do-mr-big-participara-de-nova-musica\/\",\"name\":\"Fighter: Ic\u00f4nico baixista Billy Sheehan do Mr. Big participar\u00e1 de nova m\u00fasica - WARGODS PRESS - 2006 - 2026\",\"isPartOf\":{\"@id\":\"http:\/\/wargodspress.com.br\/wargods\/#website\"},\"datePublished\":\"2021-06-16T17:02:25+00:00\",\"dateModified\":\"2021-06-17T13:51:53+00:00\",\"breadcrumb\":{\"@id\":\"http:\/\/wargodspress.com.br\/wargods\/fighter-iconico-baixista-billy-sheehan-do-mr-big-participara-de-nova-musica\/#breadcrumb\"},\"inLanguage\":\"pt-BR\",\"potentialAction\":[{\"@type\":\"ReadAction\",\"target\":[\"http:\/\/wargodspress.com.br\/wargods\/fighter-iconico-baixista-billy-sheehan-do-mr-big-participara-de-nova-musica\/\"]}]},{\"@type\":\"BreadcrumbList\",\"@id\":\"http:\/\/wargodspress.com.br\/wargods\/fighter-iconico-baixista-billy-sheehan-do-mr-big-participara-de-nova-musica\/#breadcrumb\",\"itemListElement\":[{\"@type\":\"ListItem\",\"position\":1,\"name\":\"In\u00edcio\",\"item\":\"http:\/\/wargodspress.com.br\/wargods\/\"},{\"@type\":\"ListItem\",\"position\":2,\"name\":\"Fighter: Ic\u00f4nico baixista Billy Sheehan do Mr. Big participar\u00e1 de nova m\u00fasica\"}]},{\"@type\":\"WebSite\",\"@id\":\"http:\/\/wargodspress.com.br\/wargods\/#website\",\"url\":\"http:\/\/wargodspress.com.br\/wargods\/\",\"name\":\"WARGODS PRESS - 2006 - 2026\",\"description\":\"Assessoria e Conte\u00fados\",\"publisher\":{\"@id\":\"http:\/\/wargodspress.com.br\/wargods\/#organization\"},\"potentialAction\":[{\"@type\":\"SearchAction\",\"target\":{\"@type\":\"EntryPoint\",\"urlTemplate\":\"http:\/\/wargodspress.com.br\/wargods\/?s={search_term_string}\"},\"query-input\":\"required name=search_term_string\"}],\"inLanguage\":\"pt-BR\"},{\"@type\":\"Organization\",\"@id\":\"http:\/\/wargodspress.com.br\/wargods\/#organization\",\"name\":\"WARGODS PRESS - 2006 - 2026\",\"url\":\"http:\/\/wargodspress.com.br\/wargods\/\",\"sameAs\":[\"https:\/\/www.instagram.com\/wargodspress\/\",\"https:\/\/www.facebook.com\/wargodspress\",\"https:\/\/twitter.com\/wargodspress\"],\"logo\":{\"@type\":\"ImageObject\",\"inLanguage\":\"pt-BR\",\"@id\":\"http:\/\/wargodspress.com.br\/wargods\/#\/schema\/logo\/image\/\",\"url\":\"http:\/\/wargodspress.com.br\/wargods\/wp-content\/uploads\/2022\/09\/cropped-cropped-logo-novo-4-2.png\",\"contentUrl\":\"http:\/\/wargodspress.com.br\/wargods\/wp-content\/uploads\/2022\/09\/cropped-cropped-logo-novo-4-2.png\",\"width\":1719,\"height\":635,\"caption\":\"WARGODS PRESS - 2006 - 2026\"},\"image\":{\"@id\":\"http:\/\/wargodspress.com.br\/wargods\/#\/schema\/logo\/image\/\"}},{\"@type\":\"Person\",\"@id\":\"http:\/\/wargodspress.com.br\/wargods\/#\/schema\/person\/57390b6095ac3486713a1a3b1421fad2\",\"name\":\"WarGodsPress\",\"image\":{\"@type\":\"ImageObject\",\"inLanguage\":\"pt-BR\",\"@id\":\"http:\/\/wargodspress.com.br\/wargods\/#\/schema\/person\/image\/\",\"url\":\"https:\/\/secure.gravatar.com\/avatar\/2c926860538faceab6faaaec86b7ef70caa691c9added2d15bf6132c40252420?s=96&d=mm&r=g\",\"contentUrl\":\"https:\/\/secure.gravatar.com\/avatar\/2c926860538faceab6faaaec86b7ef70caa691c9added2d15bf6132c40252420?s=96&d=mm&r=g\",\"caption\":\"WarGodsPress\"},\"description\":\"Assessor de Imprensa com a Wargods Press, colaborador da revista Roadie Crew, co-autor do livro T\u00e1 no Sangue! e podcaster com o Metal Legacy.\",\"sameAs\":[\"http:\/\/www.wargodspress.com.br\"],\"url\":\"http:\/\/wargodspress.com.br\/wargods\/author\/wargodspress\/\"}]}<\/script>\n<!-- \/ Yoast SEO plugin. -->","yoast_head_json":{"title":"Fighter: Ic\u00f4nico baixista Billy Sheehan do Mr. Big participar\u00e1 de nova m\u00fasica - WARGODS PRESS - 2006 - 2026","robots":{"index":"index","follow":"follow","max-snippet":"max-snippet:-1","max-image-preview":"max-image-preview:large","max-video-preview":"max-video-preview:-1"},"canonical":"http:\/\/wargodspress.com.br\/wargods\/fighter-iconico-baixista-billy-sheehan-do-mr-big-participara-de-nova-musica\/","og_locale":"pt_BR","og_type":"article","og_title":"Fighter: Ic\u00f4nico baixista Billy Sheehan do Mr. Big participar\u00e1 de nova m\u00fasica - WARGODS PRESS - 2006 - 2026","og_description":"Verdadeiro \u00edcone do Hard Rock, o baixista Billy Sheehan confirmou sua participa\u00e7\u00e3o na nova m\u00fasica da banda ga\u00facha FIGHTER, que","og_url":"http:\/\/wargodspress.com.br\/wargods\/fighter-iconico-baixista-billy-sheehan-do-mr-big-participara-de-nova-musica\/","og_site_name":"WARGODS PRESS - 2006 - 2026","article_publisher":"https:\/\/www.facebook.com\/wargodspress","article_published_time":"2021-06-16T17:02:25+00:00","article_modified_time":"2021-06-17T13:51:53+00:00","og_image":[{"width":1920,"height":1490,"url":"http:\/\/wargodspress.com.br\/wargods\/wp-content\/uploads\/2021\/06\/Fighter-Promo1.jpg","type":"image\/jpeg"}],"author":"WarGodsPress","twitter_card":"summary_large_image","twitter_creator":"@wargodspress","twitter_site":"@wargodspress","twitter_misc":{"Escrito por":"WarGodsPress","Est. tempo de leitura":"2 minutos"},"schema":{"@context":"https:\/\/schema.org","@graph":[{"@type":"Article","@id":"http:\/\/wargodspress.com.br\/wargods\/fighter-iconico-baixista-billy-sheehan-do-mr-big-participara-de-nova-musica\/#article","isPartOf":{"@id":"http:\/\/wargodspress.com.br\/wargods\/fighter-iconico-baixista-billy-sheehan-do-mr-big-participara-de-nova-musica\/"},"author":{"name":"WarGodsPress","@id":"http:\/\/wargodspress.com.br\/wargods\/#\/schema\/person\/57390b6095ac3486713a1a3b1421fad2"},"headline":"Fighter: Ic\u00f4nico baixista Billy Sheehan do Mr. Big participar\u00e1 de nova m\u00fasica","datePublished":"2021-06-16T17:02:25+00:00","dateModified":"2021-06-17T13:51:53+00:00","mainEntityOfPage":{"@id":"http:\/\/wargodspress.com.br\/wargods\/fighter-iconico-baixista-billy-sheehan-do-mr-big-participara-de-nova-musica\/"},"wordCount":403,"commentCount":0,"publisher":{"@id":"http:\/\/wargodspress.com.br\/wargods\/#organization"},"keywords":["fighter","Mr. Big","Wargods Press"],"articleSection":["News"],"inLanguage":"pt-BR","potentialAction":[{"@type":"CommentAction","name":"Comment","target":["http:\/\/wargodspress.com.br\/wargods\/fighter-iconico-baixista-billy-sheehan-do-mr-big-participara-de-nova-musica\/#respond"]}]},{"@type":"WebPage","@id":"http:\/\/wargodspress.com.br\/wargods\/fighter-iconico-baixista-billy-sheehan-do-mr-big-participara-de-nova-musica\/","url":"http:\/\/wargodspress.com.br\/wargods\/fighter-iconico-baixista-billy-sheehan-do-mr-big-participara-de-nova-musica\/","name":"Fighter: Ic\u00f4nico baixista Billy Sheehan do Mr. Big participar\u00e1 de nova m\u00fasica - WARGODS PRESS - 2006 - 2026","isPartOf":{"@id":"http:\/\/wargodspress.com.br\/wargods\/#website"},"datePublished":"2021-06-16T17:02:25+00:00","dateModified":"2021-06-17T13:51:53+00:00","breadcrumb":{"@id":"http:\/\/wargodspress.com.br\/wargods\/fighter-iconico-baixista-billy-sheehan-do-mr-big-participara-de-nova-musica\/#breadcrumb"},"inLanguage":"pt-BR","potentialAction":[{"@type":"ReadAction","target":["http:\/\/wargodspress.com.br\/wargods\/fighter-iconico-baixista-billy-sheehan-do-mr-big-participara-de-nova-musica\/"]}]},{"@type":"BreadcrumbList","@id":"http:\/\/wargodspress.com.br\/wargods\/fighter-iconico-baixista-billy-sheehan-do-mr-big-participara-de-nova-musica\/#breadcrumb","itemListElement":[{"@type":"ListItem","position":1,"name":"In\u00edcio","item":"http:\/\/wargodspress.com.br\/wargods\/"},{"@type":"ListItem","position":2,"name":"Fighter: Ic\u00f4nico baixista Billy Sheehan do Mr. Big participar\u00e1 de nova m\u00fasica"}]},{"@type":"WebSite","@id":"http:\/\/wargodspress.com.br\/wargods\/#website","url":"http:\/\/wargodspress.com.br\/wargods\/","name":"WARGODS PRESS - 2006 - 2026","description":"Assessoria e Conte\u00fados","publisher":{"@id":"http:\/\/wargodspress.com.br\/wargods\/#organization"},"potentialAction":[{"@type":"SearchAction","target":{"@type":"EntryPoint","urlTemplate":"http:\/\/wargodspress.com.br\/wargods\/?s={search_term_string}"},"query-input":"required name=search_term_string"}],"inLanguage":"pt-BR"},{"@type":"Organization","@id":"http:\/\/wargodspress.com.br\/wargods\/#organization","name":"WARGODS PRESS - 2006 - 2026","url":"http:\/\/wargodspress.com.br\/wargods\/","sameAs":["https:\/\/www.instagram.com\/wargodspress\/","https:\/\/www.facebook.com\/wargodspress","https:\/\/twitter.com\/wargodspress"],"logo":{"@type":"ImageObject","inLanguage":"pt-BR","@id":"http:\/\/wargodspress.com.br\/wargods\/#\/schema\/logo\/image\/","url":"http:\/\/wargodspress.com.br\/wargods\/wp-content\/uploads\/2022\/09\/cropped-cropped-logo-novo-4-2.png","contentUrl":"http:\/\/wargodspress.com.br\/wargods\/wp-content\/uploads\/2022\/09\/cropped-cropped-logo-novo-4-2.png","width":1719,"height":635,"caption":"WARGODS PRESS - 2006 - 2026"},"image":{"@id":"http:\/\/wargodspress.com.br\/wargods\/#\/schema\/logo\/image\/"}},{"@type":"Person","@id":"http:\/\/wargodspress.com.br\/wargods\/#\/schema\/person\/57390b6095ac3486713a1a3b1421fad2","name":"WarGodsPress","image":{"@type":"ImageObject","inLanguage":"pt-BR","@id":"http:\/\/wargodspress.com.br\/wargods\/#\/schema\/person\/image\/","url":"https:\/\/secure.gravatar.com\/avatar\/2c926860538faceab6faaaec86b7ef70caa691c9added2d15bf6132c40252420?s=96&d=mm&r=g","contentUrl":"https:\/\/secure.gravatar.com\/avatar\/2c926860538faceab6faaaec86b7ef70caa691c9added2d15bf6132c40252420?s=96&d=mm&r=g","caption":"WarGodsPress"},"description":"Assessor de Imprensa com a Wargods Press, colaborador da revista Roadie Crew, co-autor do livro T\u00e1 no Sangue! e podcaster com o Metal Legacy.","sameAs":["http:\/\/www.wargodspress.com.br"],"url":"http:\/\/wargodspress.com.br\/wargods\/author\/wargodspress\/"}]}},"_links":{"self":[{"href":"http:\/\/wargodspress.com.br\/wargods\/wp-json\/wp\/v2\/posts\/3033","targetHints":{"allow":["GET"]}}],"collection":[{"href":"http:\/\/wargodspress.com.br\/wargods\/wp-json\/wp\/v2\/posts"}],"about":[{"href":"http:\/\/wargodspress.com.br\/wargods\/wp-json\/wp\/v2\/types\/post"}],"author":[{"embeddable":true,"href":"http:\/\/wargodspress.com.br\/wargods\/wp-json\/wp\/v2\/users\/1"}],"replies":[{"embeddable":true,"href":"http:\/\/wargodspress.com.br\/wargods\/wp-json\/wp\/v2\/comments?post=3033"}],"version-history":[{"count":4,"href":"http:\/\/wargodspress.com.br\/wargods\/wp-json\/wp\/v2\/posts\/3033\/revisions"}],"predecessor-version":[{"id":3044,"href":"http:\/\/wargodspress.com.br\/wargods\/wp-json\/wp\/v2\/posts\/3033\/revisions\/3044"}],"wp:featuredmedia":[{"embeddable":true,"href":"http:\/\/wargodspress.com.br\/wargods\/wp-json\/wp\/v2\/media\/3043"}],"wp:attachment":[{"href":"http:\/\/wargodspress.com.br\/wargods\/wp-json\/wp\/v2\/media?parent=3033"}],"wp:term":[{"taxonomy":"category","embeddable":true,"href":"http:\/\/wargodspress.com.br\/wargods\/wp-json\/wp\/v2\/categories?post=3033"},{"taxonomy":"post_tag","embeddable":true,"href":"http:\/\/wargodspress.com.br\/wargods\/wp-json\/wp\/v2\/tags?post=3033"}],"curies":[{"name":"wp","href":"https:\/\/api.w.org\/{rel}","templated":true}]}}